{"id":97,"date":"2005-09-14T00:26:41","date_gmt":"2005-09-13T22:26:41","guid":{"rendered":"http:\/\/192.168.1.2\/sp\/?p=97"},"modified":"2010-09-21T17:02:32","modified_gmt":"2010-09-21T15:02:32","slug":"el-paisno-tiene-alas","status":"publish","type":"post","link":"https:\/\/spanish.martinvarsavsky.net\/?p=97","title":{"rendered":"Querido Presidente: el Pa\u00eds no tiene Alas"},"content":{"rendered":"<p>Querido Presidente Kirchner:<\/p>\n<p>Luego de medio a\u00f1o sin respuesta, hemos decidido retirar la solicitud para crear la aerol\u00ednea argentina intercontinental Fly Azul. Nuestros planes de volar las rutas Buenos Aires &#8211; Madrid y Buenos Aires &#8211; Miami quedan en tierra.<\/p>\n<p>Estoy desilusionado con su pol\u00edtica aeron\u00e1utica, que nos ha dejado sin la posibilidad de volar ni de tomar al personal de SW.  Me cuesta entender c\u00f3mo un presidente que elige a una persona tan capaz como Daniel Filmus para dirigir el Ministerio de Educaci\u00f3n -que entre otras de sus acciones resucit\u00f3 <a href=\"http:\/\/educ.ar\">Educ.ar<\/a>, elija a una persona tan poco id\u00f3nea como Ricardo Jaime para dirigir el \u00e1rea de transportes.<\/p>\n<p>Hemos intentado en vano lanzar Fly Azul, pero nos encontramos con un Secretario insensible al deseo de los argentinos de competir contra los chilenos y los espa\u00f1oles que dominan al sector aeron\u00e1utico de nuestro pa\u00eds.  Es triste ver como las tripulaciones extranjeras vuelan cada vez m\u00e1s por Argentina, quit\u00e1ndole -parad\u00f3jicamente- el trabajo a las argentinas, que se manifiestan sin \u00e9xito en los aeropuertos.<\/p>\n<p>Presidente Kirchner: usted ha hecho muchas cosas buenas por el pa\u00eds, pero creo que los que estudien su pol\u00edtica aeron\u00e1utica estar\u00e1n de acuerdo conmigo en que es un enorme fracaso.  Animado por su discurso y el de sus enviados invert\u00ed en mi pa\u00eds y perd\u00ed.<\/p>\n<p>Se\u00f1or Presidente: me retiro entonces.<\/p>\n<p>Lo saluda atentamente,<\/p>\n<p><strong>Martin Varsavsky<\/strong><\/p>\n<div id=\"mainphotoarea\"><\/div><div class=\"theme-buttons\"><div class=\"fb-like\" data-href=\"https:\/\/spanish.martinvarsavsky.net\/?p=97\" data-send=\"false\" data-layout=\"box_count\" data-width=\"71\" data-show-faces=\"false\" data-font=\"arial\" data-locale=\"es_ES\"><\/div><\/div>","protected":false},"excerpt":{"rendered":"<p>Querido Presidente Kirchner: Luego de medio a\u00f1o sin respuesta, hemos decidido retirar la solicitud para crear la aerol\u00ednea argentina intercontinental Fly Azul. Nuestros planes de volar las rutas Buenos Aires &#8211; Madrid y Buenos Aires &#8211; Miami quedan en tierra. Estoy desilusionado con su pol\u00edtica aeron\u00e1utica, que nos ha dejado sin la posibilidad de volar [&hellip;]<\/p>\n","protected":false},"author":2,"featured_media":0,"comment_status":"open","ping_status":"closed","sticky":false,"template":"","format":"standard","meta":[],"categories":[10,4],"tags":[443,490,33,430],"_links":{"self":[{"href":"https:\/\/spanish.martinvarsavsky.net\/index.php?rest_route=\/wp\/v2\/posts\/97"}],"collection":[{"href":"https:\/\/spanish.martinvarsavsky.net\/index.php?rest_route=\/wp\/v2\/posts"}],"about":[{"href":"https:\/\/spanish.martinvarsavsky.net\/index.php?rest_route=\/wp\/v2\/types\/post"}],"author":[{"embeddable":true,"href":"https:\/\/spanish.martinvarsavsky.net\/index.php?rest_route=\/wp\/v2\/users\/2"}],"replies":[{"embeddable":true,"href":"https:\/\/spanish.martinvarsavsky.net\/index.php?rest_route=%2Fwp%2Fv2%2Fcomments&post=97"}],"version-history":[{"count":0,"href":"https:\/\/spanish.martinvarsavsky.net\/index.php?rest_route=\/wp\/v2\/posts\/97\/revisions"}],"wp:attachment":[{"href":"https:\/\/spanish.martinvarsavsky.net\/index.php?rest_route=%2Fwp%2Fv2%2Fmedia&parent=97"}],"wp:term":[{"taxonomy":"category","embeddable":true,"href":"https:\/\/spanish.martinvarsavsky.net\/index.php?rest_route=%2Fwp%2Fv2%2Fcategories&post=97"},{"taxonomy":"post_tag","embeddable":true,"href":"https:\/\/spanish.martinvarsavsky.net\/index.php?rest_route=%2Fwp%2Fv2%2Ftags&post=97"}],"curies":[{"name":"wp","href":"https:\/\/api.w.org\/{rel}","templated":true}]}}