{"id":9667,"date":"2011-09-14T09:37:23","date_gmt":"2011-09-14T07:37:23","guid":{"rendered":"https:\/\/spanish.martinvarsavsky.net\/?p=9667"},"modified":"2012-12-14T15:31:49","modified_gmt":"2012-12-14T14:31:49","slug":"idea-para-alargar-la-edad-de-jubilacion-de-una-manera-mas-justa","status":"publish","type":"post","link":"https:\/\/spanish.martinvarsavsky.net\/?p=9667","title":{"rendered":"Idea para alargar la edad de jubilaci\u00f3n de una manera m\u00e1s justa"},"content":{"rendered":"<p>Estos d\u00edas hay mucho debate sobre la pir\u00e1mide generacional y la imposibilidad de los sistemas de pensi\u00f3n en pagar las jubilaciones.\u00a0 La soluci\u00f3n parece ser jubilarse m\u00e1s tarde lo que crea un problema enorme; para las empresas a las que les gustar\u00eda poder elegir qu\u00e9 empleados mayores retener y para los empleados, que querr\u00edan poder elegir si quieren jubilarse m\u00e1s tarde o no.\u00a0 No todos los empleados son iguales ni todas las personas son iguales.\u00a0 El tema ahora est\u00e1 tratado de una manera colectiva, igual para todos y esto es un grave error.\u00a0 Por ejemplo es sabido que la tasa de suicidio aumenta mucho cuando la gente se jubila, lo mismo la depresi\u00f3n.\u00a0 Lo que para algunos es lo mejor que le pas\u00f3 en su vida para otros es lo peor. Es por eso que para acomodar empresas e individuos se me ocurri\u00f3 esta idea.<\/p>\n<p>En los pa\u00edses europeos cuando las personas alcanzan la <a href=\"http:\/\/es.wikipedia.org\/wiki\/Jubilaci%C3%B3n#Edad_de_jubilaci.C3.B3n_legal_y_media_en_los_paises_de_la_Uni.C3.B3n_Europea_.2815.29\">edad de la jubilaci\u00f3n<\/a> deber\u00edan\u00a0 poder elegir entre si quieren retirarse como se est\u00e1 haciendo hoy en d\u00eda, o si quieren formar parte de una nueva categor\u00eda: los trabajadores \u00absenior\u00bb.\u00a0 Mi idea es que mientras que estos trabajadores \u00absenior\u00bb estuviesen empleados, no estar\u00edan cobrando sus pensiones y al mismo tiempo los empresarios que los contratasen no tendr\u00edan que pagar ning\u00fan tipo de carga social. El principio subyacente es que\u00a0 la gente que alcanz\u00f3 la edad de jubilaci\u00f3n ya hizo su contribuci\u00f3n al sistema de pensiones, por lo que no tendr\u00edan que seguir contribuyendo si deciden seguir trabajando y simplemente estar\u00edan suspendiendo el cobro de sus pensiones durante el tiempo de empleo adicional.\u00a0 Al mismo tiempo,\u00a0 los empresarios tendr\u00edan un incentivo para mantener o incluso contratar a nuevos empleados de m\u00e1s edad que ya hubiesen superado la edad de jubilaci\u00f3n.\u00a0 El sistema de pensiones se ver\u00eda beneficiado porque\u00a0 se estar\u00eda ahorrando los pagos\u00a0 para aquellas personas que podr\u00edan estar cobrando sus pensiones pero deciden seguir trabajando.<\/p>\n<p>El otro gran incentivo es que los \u00absenior\u00bb que trabajen podr\u00e1n dejar su empleo en cualquier momento y empezar a cobrar sus pensiones, por lo que no tendr\u00edan que ser parte del sistema de indemnizaci\u00f3n por despido que tenemos en Europa, el cual es tan costoso y hace que las empresas no quieren contratar.<\/p>\n<div id=\"mainphotoarea\"><\/div><div class=\"theme-buttons\"><div class=\"fb-like\" data-href=\"https:\/\/spanish.martinvarsavsky.net\/?p=9667\" data-send=\"false\" data-layout=\"box_count\" data-width=\"71\" data-show-faces=\"false\" data-font=\"arial\" data-locale=\"es_ES\"><\/div><\/div>","protected":false},"excerpt":{"rendered":"<p>Estos d\u00edas hay mucho debate sobre la pir\u00e1mide generacional y la imposibilidad de los sistemas de pensi\u00f3n en pagar las jubilaciones.\u00a0 La soluci\u00f3n parece ser jubilarse m\u00e1s tarde lo que crea un problema enorme; para las empresas a las que les gustar\u00eda poder elegir qu\u00e9 empleados mayores retener y para los empleados, que querr\u00edan poder [&hellip;]<\/p>\n","protected":false},"author":2077,"featured_media":0,"comment_status":"open","ping_status":"open","sticky":false,"template":"","format":"standard","meta":[],"categories":[550],"tags":[797,1101],"_links":{"self":[{"href":"https:\/\/spanish.martinvarsavsky.net\/index.php?rest_route=\/wp\/v2\/posts\/9667"}],"collection":[{"href":"https:\/\/spanish.martinvarsavsky.net\/index.php?rest_route=\/wp\/v2\/posts"}],"about":[{"href":"https:\/\/spanish.martinvarsavsky.net\/index.php?rest_route=\/wp\/v2\/types\/post"}],"author":[{"embeddable":true,"href":"https:\/\/spanish.martinvarsavsky.net\/index.php?rest_route=\/wp\/v2\/users\/2077"}],"replies":[{"embeddable":true,"href":"https:\/\/spanish.martinvarsavsky.net\/index.php?rest_route=%2Fwp%2Fv2%2Fcomments&post=9667"}],"version-history":[{"count":2,"href":"https:\/\/spanish.martinvarsavsky.net\/index.php?rest_route=\/wp\/v2\/posts\/9667\/revisions"}],"predecessor-version":[{"id":10422,"href":"https:\/\/spanish.martinvarsavsky.net\/index.php?rest_route=\/wp\/v2\/posts\/9667\/revisions\/10422"}],"wp:attachment":[{"href":"https:\/\/spanish.martinvarsavsky.net\/index.php?rest_route=%2Fwp%2Fv2%2Fmedia&parent=9667"}],"wp:term":[{"taxonomy":"category","embeddable":true,"href":"https:\/\/spanish.martinvarsavsky.net\/index.php?rest_route=%2Fwp%2Fv2%2Fcategories&post=9667"},{"taxonomy":"post_tag","embeddable":true,"href":"https:\/\/spanish.martinvarsavsky.net\/index.php?rest_route=%2Fwp%2Fv2%2Ftags&post=9667"}],"curies":[{"name":"wp","href":"https:\/\/api.w.org\/{rel}","templated":true}]}}