{"id":96,"date":"2005-09-11T23:46:11","date_gmt":"2005-09-11T21:46:11","guid":{"rendered":"http:\/\/192.168.1.2\/sp\/?p=96"},"modified":"2010-09-21T16:56:42","modified_gmt":"2010-09-21T14:56:42","slug":"katrina-y-fundamentalistas","status":"publish","type":"post","link":"https:\/\/spanish.martinvarsavsky.net\/?p=96","title":{"rendered":"Katrina alimenta a los Fundamentalistas"},"content":{"rendered":"<p>Los fundamentalistas religiosos musulmanes odian a los jud\u00edos y cristianos. Los fundamentalistas cristianos y jud\u00edos -aunque no expresan su odio con la misma brutalidad-, comparten su desprecio por otras religiones con los fundamentalistas musulmanes.<\/p>\n<p>Sin embargo, todos los fundamentalistas del mundo parecen estar de acuerdo en una cosa: afirmar que el Hurac\u00e1n Katrina es un castigo a los Estados Unidos y a la ciudad de Nueva Orleans por \u00abalgo\u00bb.<br \/>\n<!--more--><br \/>\nPara aquellos que lean en ingl\u00e9s, les sugiero ver el art\u00edculo sobre este tema en <a href=\"http:\/\/thewatch.wicasta.com\/?p=18\">Wicasta<\/a>.  Los ejemplos que all\u00ed se enumeran son incre\u00edbles.  Algunos cristianos acusan a los homosexuales de Nueva Orleans; otros jud\u00edos acusan a Estados Unidos por apoyar la retirada de Gaza; los musulmanes acusan a Estados Unidos de recibir la ira de Al\u00e1 por invadir Irak; y se expresan muchas otras teor\u00edas.<\/p>\n<p>Pero el peligro de estos comentarios no es que surjan de todas las religiones, sino que la Casa Blanca est\u00e9 habitada por muchos se\u00f1ores que comparten este tipo de ideas.  Un amigo m\u00edo, Bruce Feiler, autor de \u00ab<strong>Walking the Bible<\/strong>\u00bb y muchos otros libros, sostiene que los fundamentalistas religiosos de todo el mundo son similares, y que la gran divisi\u00f3n del mundo est\u00e1 dada entre los laicos y los fundamentalistas.  Creo que esa dicotom\u00eda, hoy en d\u00eda, est\u00e1 siendo cada vez m\u00e1s real.<\/p>\n<p>\u00a1Laicos del mundo, un\u00e1monos!<\/p>\n<div id=\"mainphotoarea\"><\/div><div class=\"theme-buttons\"><div class=\"fb-like\" data-href=\"https:\/\/spanish.martinvarsavsky.net\/?p=96\" data-send=\"false\" data-layout=\"box_count\" data-width=\"71\" data-show-faces=\"false\" data-font=\"arial\" data-locale=\"es_ES\"><\/div><\/div>","protected":false},"excerpt":{"rendered":"<p>Los fundamentalistas religiosos musulmanes odian a los jud\u00edos y cristianos. Los fundamentalistas cristianos y jud\u00edos -aunque no expresan su odio con la misma brutalidad-, comparten su desprecio por otras religiones con los fundamentalistas musulmanes. Sin embargo, todos los fundamentalistas del mundo parecen estar de acuerdo en una cosa: afirmar que el Hurac\u00e1n Katrina es un [&hellip;]<\/p>\n","protected":false},"author":2,"featured_media":0,"comment_status":"open","ping_status":"closed","sticky":false,"template":"","format":"standard","meta":[],"categories":[3,17,14],"tags":[551,1129,1127],"_links":{"self":[{"href":"https:\/\/spanish.martinvarsavsky.net\/index.php?rest_route=\/wp\/v2\/posts\/96"}],"collection":[{"href":"https:\/\/spanish.martinvarsavsky.net\/index.php?rest_route=\/wp\/v2\/posts"}],"about":[{"href":"https:\/\/spanish.martinvarsavsky.net\/index.php?rest_route=\/wp\/v2\/types\/post"}],"author":[{"embeddable":true,"href":"https:\/\/spanish.martinvarsavsky.net\/index.php?rest_route=\/wp\/v2\/users\/2"}],"replies":[{"embeddable":true,"href":"https:\/\/spanish.martinvarsavsky.net\/index.php?rest_route=%2Fwp%2Fv2%2Fcomments&post=96"}],"version-history":[{"count":0,"href":"https:\/\/spanish.martinvarsavsky.net\/index.php?rest_route=\/wp\/v2\/posts\/96\/revisions"}],"wp:attachment":[{"href":"https:\/\/spanish.martinvarsavsky.net\/index.php?rest_route=%2Fwp%2Fv2%2Fmedia&parent=96"}],"wp:term":[{"taxonomy":"category","embeddable":true,"href":"https:\/\/spanish.martinvarsavsky.net\/index.php?rest_route=%2Fwp%2Fv2%2Fcategories&post=96"},{"taxonomy":"post_tag","embeddable":true,"href":"https:\/\/spanish.martinvarsavsky.net\/index.php?rest_route=%2Fwp%2Fv2%2Ftags&post=96"}],"curies":[{"name":"wp","href":"https:\/\/api.w.org\/{rel}","templated":true}]}}