{"id":9533,"date":"2011-05-18T18:23:26","date_gmt":"2011-05-18T16:23:26","guid":{"rendered":"https:\/\/spanish.martinvarsavsky.net\/?p=9533"},"modified":"2011-05-19T13:03:01","modified_gmt":"2011-05-19T11:03:01","slug":"asi-me-uno-a-nolesvotes","status":"publish","type":"post","link":"https:\/\/spanish.martinvarsavsky.net\/?p=9533","title":{"rendered":"As\u00ed me uno a #nolesvotes"},"content":{"rendered":"<div>\n<p>Queridos amigos @edans @julioalonso @gallir @earcos y otros miembros de <a href=\"http:\/\/www.nolesvotes.com\/\">#nolesvotes<\/a>, claro que Espa\u00f1a se merece estar mucho mejor. Hay que protestar, pero  protestemos contra lo que realmente hay que cambiar:<\/p>\n<p>&#8211; Protestemos por el derecho a trabajar denegado a un <a href=\"http:\/\/www.ine.es\/daco\/daco42\/daco4211\/epa0111.pdf\">quinto de los espa\u00f1oles<\/a>.<\/p>\n<p>&#8211; Protestemos contra un sistema que hoy no ofrece ni vivienda <a href=\"http:\/\/www.cotizalia.com\/noticias\/2011\/juvenil-espana-alcanza-elevada-europa-20110415-67531.html\">ni trabajo<\/a> a un tercio de los j\u00f3venes.<\/p>\n<p>&#8211; Protestemos contra una clase empresarial de baja creatividad con  dificultad para competir, que se aferra a una situaci\u00f3n de privilegios y <a href=\"https:\/\/spanish.martinvarsavsky.net\/general\/contrareforma-a-la-reforma-laboral.html\">baj\u00edsima competencia<\/a>. Que cree en el ladrillo como una religi\u00f3n.<\/p>\n<p>&#8211; Protestemos por la mejora de un sistema educativo que forma gente  para el <a href=\"https:\/\/spanish.martinvarsavsky.net\/general\/educacion-del-siglo-xx-para-chicos-del-siglo-xxi.html\">siglo pasado<\/a>. Una educaci\u00f3n dirigida por bur\u00f3cratas sin un  verdadero entendimiento de lo que el <a href=\"http:\/\/www.cotizalia.com\/noticias\/2011\/explica-juvenil-espana-abandono-escolar-desequilibrio-20110419-67669.html\">mercado laboral necesita<\/a>.<\/p>\n<p>&#8211; Protestemos contra la gran parte del p\u00fablico que espera que el gobierno le solucione los problemas y no se moviliza y frecuentemente tiene poca \u00e9tica al  momento de trabajar.<\/p>\n<p>&#8211; Prostestemos contra el <a href=\"https:\/\/spanish.martinvarsavsky.net\/espaaa\/los-mileuristas-explicados-por-la-oecd.html\">mileurismo<\/a> que es el resultado del baj\u00edsimo nivel de creaci\u00f3n de empresas de este pa\u00eds, de la poca competencia entre empresas por los empleados, de la enorme tajada de la <a href=\"https:\/\/spanish.martinvarsavsky.net\/ideas-nuevas\/idea-para-aumentar-la-sostenibilidad-y-mejorar-la-situacion-del-mileurista.html \">compensaci\u00f3n de un mileurista<\/a> que se lleva el gobierno.<\/p>\n<p>&#8211; Protestemos contra un gobierno incapaz de hacer a Espa\u00f1a ganar el  verdadero mundial que es el de la globalizaci\u00f3n, empezando por un  presidente que <a href=\"http:\/\/www.youtube.com\/watch?v=ZBuKZLyqJ8g\">no habla ingl\u00e9s<\/a> y es poco respetado aqu\u00ed y afuera y una oposici\u00f3n igual de incompetente.<\/p>\n<p>&#8211; Protestemos contra un sistema de autonom\u00edas mal resuelto, que ha  resultado en m\u00e1s y m\u00e1s burocratas y ha dado lugar a una duplicidad de  gobernantes muy ligado a intereses del pasado o<a href=\"http:\/\/www.elpais.com\/articulo\/espana\/corrupcion\/presenta\/elecciones\/elpepiesp\/20110410elpepinac_1\/Tes\"> simplemente corruptos<\/a>. Aclaremos las competencias y bajemos el coste del gobierno que tiene un deficit enorme.<\/p>\n<p>&#8211; Protestemos contra un sistema partidista verticalista donde la gente  se elige a dedo y que hace que los miembros de un gobierno tengan que  aceptar cosas que no comparten, por ser miembros de un partido.<\/p>\n<p>&#8211; Protestemos contra un poder desproporcionado del sistema financiero  que hace que la <a href=\"http:\/\/www.cotizalia.com\/vivienda\/2011\/vivienda-espana-todavia-tiene-20110412-67333.html\">vivienda est\u00e9 inflada<\/a> y que el espa\u00f1ol est\u00e9 atado a su  hipoteca y no hay cr\u00e9dito para las actividades generadoras de empleo.<\/p>\n<p>-Protestemos contra una pol\u00edtica inmigratoria que se enfoca en <a href=\"http:\/\/es.wikipedia.org\/wiki\/Inmigraci%C3%B3n_en_Espa%C3%B1a#Ocupaci.C3.B3n_laboral\">inmigrantes no cualificados<\/a>, muchos de ellos ahora en el paro, en vez de los emigrantes creadores de empleo como los que otros paises son capaces de atraer.<\/p>\n<p>-Protestemos contra una ley de alquileres que resulta en que seamos el pa\u00eds con m\u00e1s <a href=\"http:\/\/www.eleconomista.es\/vivienda\/noticias\/2851687\/02\/11\/Afinando-numeros-el-stock-real-de-viviendas-vacias-supera-los-23-millones.html\">viviendas vac\u00edas<\/a> de Europa y hagamos que entren al mercado y bajen los alquileres.<\/p>\n<p>Ahora comparado con todo esto, lo de la ley Sinde y esas cosas son chorradas, quiz\u00e1s s\u00edntomas de algo, pero que no se puede comparar con no tener casa, no tener trabajo, tener una educaci\u00f3n obsoleta y estar  gobernados por incompetentes y\/o chorizos.  Por mi podemos dejar esa ley de lado y concentrarnos en lo que realmente le afecta la vida al ciudadano.<\/p>\n<p>As\u00ed s\u00ed me uno a #nolesvotes.<\/p>\n<p>PD: a todos los que me pidieron WiFi gratis en las plazas por twitter les digo que si, que donde sea que haya protestas Fon ofrece foneras gratis para tener internet en las plazas. Por favor contactar a lorena( @ )fon.com para que te de pases para conectarte gratis o foneras.<\/p>\n<\/div>\n<div id=\"mainphotoarea\"><\/div><div class=\"theme-buttons\"><div class=\"fb-like\" data-href=\"https:\/\/spanish.martinvarsavsky.net\/?p=9533\" data-send=\"false\" data-layout=\"box_count\" data-width=\"71\" data-show-faces=\"false\" data-font=\"arial\" data-locale=\"es_ES\"><\/div><\/div>","protected":false},"excerpt":{"rendered":"<p>Queridos amigos @edans @julioalonso @gallir @earcos y otros miembros de #nolesvotes, claro que Espa\u00f1a se merece estar mucho mejor. Hay que protestar, pero protestemos contra lo que realmente hay que cambiar: &#8211; Protestemos por el derecho a trabajar denegado a un quinto de los espa\u00f1oles. &#8211; Protestemos contra un sistema que hoy no ofrece ni [&hellip;]<\/p>\n","protected":false},"author":2077,"featured_media":0,"comment_status":"open","ping_status":"open","sticky":false,"template":"","format":"standard","meta":[],"categories":[8,6,5,7],"tags":[],"_links":{"self":[{"href":"https:\/\/spanish.martinvarsavsky.net\/index.php?rest_route=\/wp\/v2\/posts\/9533"}],"collection":[{"href":"https:\/\/spanish.martinvarsavsky.net\/index.php?rest_route=\/wp\/v2\/posts"}],"about":[{"href":"https:\/\/spanish.martinvarsavsky.net\/index.php?rest_route=\/wp\/v2\/types\/post"}],"author":[{"embeddable":true,"href":"https:\/\/spanish.martinvarsavsky.net\/index.php?rest_route=\/wp\/v2\/users\/2077"}],"replies":[{"embeddable":true,"href":"https:\/\/spanish.martinvarsavsky.net\/index.php?rest_route=%2Fwp%2Fv2%2Fcomments&post=9533"}],"version-history":[{"count":0,"href":"https:\/\/spanish.martinvarsavsky.net\/index.php?rest_route=\/wp\/v2\/posts\/9533\/revisions"}],"wp:attachment":[{"href":"https:\/\/spanish.martinvarsavsky.net\/index.php?rest_route=%2Fwp%2Fv2%2Fmedia&parent=9533"}],"wp:term":[{"taxonomy":"category","embeddable":true,"href":"https:\/\/spanish.martinvarsavsky.net\/index.php?rest_route=%2Fwp%2Fv2%2Fcategories&post=9533"},{"taxonomy":"post_tag","embeddable":true,"href":"https:\/\/spanish.martinvarsavsky.net\/index.php?rest_route=%2Fwp%2Fv2%2Ftags&post=9533"}],"curies":[{"name":"wp","href":"https:\/\/api.w.org\/{rel}","templated":true}]}}