{"id":8043,"date":"2010-09-06T09:53:14","date_gmt":"2010-09-06T07:53:14","guid":{"rendered":"https:\/\/spanish.martinvarsavsky.net\/?p=8043"},"modified":"2010-09-07T21:04:57","modified_gmt":"2010-09-07T19:04:57","slug":"nacionalismos-terrorismo-e-inseguridad-o-la-cortina-de-humo-en-espana","status":"publish","type":"post","link":"https:\/\/spanish.martinvarsavsky.net\/?p=8043","title":{"rendered":"Nacionalismos, Terrorismo e Inseguridad o la cortina de humo en Espa\u00f1a"},"content":{"rendered":"<p><strong>Resumen: Lo que lo que la gente cree en Espa\u00f1a que son los problemas m\u00e1s serios de este pa\u00eds no lo son, y viceversa.<\/strong><\/p>\n<p>Vivo en Espa\u00f1a desde 1995. Lo hago por amor, lo digo en serio. Me encanta este pa\u00eds. Renunci\u00e9 a la nacionalidad estaounidense para tener la espa\u00f1ola, y debo ser el \u00fanico \ud83d\ude42  Pero habiendo dicho esto, creo que si Espa\u00f1a no cambia algunos temas claves,<strong> los 20 a\u00f1os posteriores al 2010 van a ser mucho peores que los 20 a\u00f1os anteriores<\/strong>.  Pero no por lo que la gente cree, sino porque<strong> Espa\u00f1a no solo tiene un problema de fondo sino uno de forma<\/strong>.  Es decir, lo que la gente cree que son los grandes problemas de Espa\u00f1a, tal como son reflejados por los medios, en realidad no son tan graves.  Pero los que s\u00ed lo son reciben poca atenci\u00f3n, y sin un buen diagn\u00f3stico no se puede curar la enfermedad.<\/p>\n<p>Empiezo por lo que los medios creen que son los grandes problemas de Espa\u00f1a: los nacionalismos, el terrorismo y la creciente inseguridad; y seguir\u00e9 por los que opino que s\u00ed son los verdaderos problemas de este pa\u00eds, pero que no reciben el esfuerzo que su soluci\u00f3n reclama.<\/p>\n<p><strong>Los nacionalismos no son un serio problema<\/strong>.  Aunque se hable de que este es un pa\u00eds con muchas culturas, y puede ser que lo sea, Espa\u00f1a es curiosamente un <strong>pa\u00eds muy homog\u00e9neo en sus dificultades<\/strong>.  Las actividades econ\u00f3micas de Catalu\u00f1a y Madrid son curiosamente muy parecidas, y las dos \u00abcapitales\u00bb de Espa\u00f1a sufren las mismas penas: La falta de oportunidad, de creaci\u00f3n de empresas y el nivel de paro es el mismo.  <strong>El tema de los nacionalismos es una cortina de humo<\/strong>, algo hist\u00f3rico que levanta emociones pero que poco afecta al d\u00eda a d\u00eda.  Si Espa\u00f1a realmente tuviera culturas realmente tan diferentes, los resultados econ\u00f3micos ser\u00edan diferentes, pero no lo son.  Estudiando la realidad cotidiana de Madrid o Barcelona se dir\u00eda que est\u00e1n claramente en el mismo pa\u00eds.  En Italia en cambio, s\u00ed que est\u00e1 claro que el nivel de renta entre el norte y el sur es much\u00edsimo m\u00e1s diferente.  Ah\u00ed se puede hablar de culturas diferentes entre Torino y Palermo, o Mil\u00e1n y Roma, y todos hablan italiano pero a la hora de hacer las cosas las hacen de maneras muy diferentes.  En Espa\u00f1a la diferencia es m\u00e1s de idioma que de cultura.  En Italia es al rev\u00e9s.  Adem\u00e1s, el tema de los nacionalismos espa\u00f1oles se va a agotar, porque como los nacionalistas casi no tienen hijos (la natalidad de la poblaci\u00f3n nativa espa\u00f1ola es baj\u00edsima).  Dentro de 30 a\u00f1os el tema del nacionalismo ser\u00e1 menor comparado con el de la adaptaci\u00f3n del inmigrante y la Espa\u00f1a cosmopolita y multicultural en todas las autonom\u00edas.<\/p>\n<p><strong>El terrorismo no es un serio problema<\/strong>.  M\u00e1s all\u00e1 del atentado de Atocha que si fu\u00e9 terrible (y no ETA) el hecho que ETA haya matado a unas 900 personas desde 1959 no se puede llamar un serio problema, y digo esto con todo el respeto a las familias de los familiares asesinados y sabiendo que cada asesinato es un horror.  Pero<strong> en t\u00e9rminos de dimensi\u00f3n, el tema ETA es absolutamente desproporcionado<\/strong>, y tapa otros mucho m\u00e1s serios a nivel impacto societario. Ejemplos: Espa\u00f1a tiene el 20% de todos los cocain\u00f3manos de Europa. El consumo de drogas y de adicciones aqu\u00ed <a href=\"http:\/\/www.elpais.com\/articulo\/sociedad\/consumo\/cocaina\/Espana\/supera\/primera\/vez\/EE\/UU\/elpepusoc\/20070626elpepusoc_1\/Tes\">cuadruplica la media europea<\/a>. Tambi\u00e9n, en Espa\u00f1a una buena campa\u00f1a de educaci\u00f3n vial logra que se muera menos gente en un a\u00f1o que en toda la historia de ETA (las muertes anuales bajaron de<a href=\"http:\/\/www.cadenaser.com\/espana\/articulo\/2741-muertos-accidentes-trafico-2007\/csrcsrpor\/20080102csrcsrnac_7\/Tes\"> 5000 por a\u00f1o a 2500 <\/a>aproximadamente).  Sin embargo, el terrorismo es el pan de cada d\u00eda de los medios espa\u00f1oles.<\/p>\n<p><strong>La inseguridad tampoco es un serio problema<\/strong>.  \u00daltimamente est\u00e1 muy de moda escuchar el tema de la inseguridad y los inmigrantes, y aunque es verdad que Espa\u00f1a es m\u00e1s insegura que antes, este pa\u00eds tiene <a href=\"http:\/\/en.wikipedia.org\/wiki\/List_of_countries_by_homicide_rate\">una de las tasas de homicidios m\u00e1s bajas<\/a> del mundo.  <strong>Espa\u00f1a no es insegura en general,<\/strong> o la inseguridad no es uno de los grandes problemas de Espa\u00f1a, aunque tambi\u00e9n llena los medios de tenebrosos contenidos.<\/p>\n<p>Entonces, \u00bfcu\u00e1l es el problema m\u00e1s grande de Espa\u00f1a?: <strong>La falta de oportunidad de sus ciudadanos. <\/strong><\/p>\n<p>El s\u00edntoma es obvio, un <strong>desempleo de un 20%<\/strong> el doble de la media europea y del <a href=\"http:\/\/www.elpais.com\/articulo\/primer\/plano\/Desempleo\/juvenil\/formacion\/elpepueconeg\/20100307elpneglse_10\/Tes\">40% entre los j\u00f3venes<\/a>.  <\/p>\n<p>\u00bfPero cu\u00e1les son sus razones y ramificaciones?  Aqu\u00ed va una lista.<\/p>\n<p>Espa\u00f1a sufre de:<\/p>\n<p>Una <strong>educaci\u00f3n desconectada<\/strong> con la econom\u00eda del pa\u00eds, una <strong>baja tasa de creatividad<\/strong> cient\u00edfica y empresarial que resulta en poca innovaci\u00f3n y poca creaci\u00f3n de empleo, <strong>sueldos miserables<\/strong> <a href=\"https:\/\/spanish.martinvarsavsky.net\/ideas-nuevas\/mileuristas-explicados.html\">debidos a la falta de nuevas empresas<\/a> y falta de inversi\u00f3n de las viejas (Telef\u00f3nica tiene m\u00e1rgenes del 40% y un regulador que no le exige invertir) esto produce una sobre oferta laboral y falta de demanda.<\/p>\n<p>Tambi\u00e9n una <strong>vivienda car\u00edsima<\/strong> e inaccesible para el trabajador medio, unas leyes hipotecarias increiblemente duras para el deudor que hacen que millones de espa\u00f1oles est\u00e9n presos en sus viviendas y no puedan aceptar trabajo donde lo hay (en USA las deudas hipotecarias no son personales) una<strong> pol\u00edtica inmigratoria <\/strong> enfocada en atraer al trabajador que menos conocimientos tiene en vez de atraer a los inmigrantes l\u00edderes inversores y generadores de empleo, un confuso sistema criminal en el que el 55% de los nuevos presos son extranjeros y estos en vez de enviarlos a sus paises se les hace cumplir condenas aqu\u00ed y luego a la calle sin papeles, un <strong>enchufismo generalizado<\/strong> opuesto a una meritocracia, demasiados niveles de gobierno, <strong>n\u00famero de funcionarios inflado<\/strong> y con privilegios como nunca poder ser despedidos en un pais donde una persona de cada cinco no tiene trabajo, una<strong> mala \u00e9tica hacia el trabajo en general<\/strong> (como si fuera una condena de la que hay que librar al ciudadano), un <strong>alto consumo de drogas de todo tipo<\/strong> que en muchos casos est\u00e1n asociados a la falta de ocupaci\u00f3n, un <strong>excesivo amor por el gobierno<\/strong> y un<strong> desprecio generalizado por la empresa.<\/strong><\/p>\n<p>\u00bfQu\u00e9 necesita este pa\u00eds?  Una serie de cambios que ni el PP ni el PSOE quieren implementar.  Porque con la pir\u00e1mide generacional invertida hay poca probabilidad de venderle ideas nuevas a votantes viejos. No vale la pena arriesgar.  De ah\u00ed mi pesimismo.<strong> \u00bfC\u00f3mo se van a arreglar los problemas de fondo si de lo que se habla a diario en este pa\u00eds es una cortina de humo y los l\u00edderes se quedan en ese discurso?<\/strong><\/p>\n<div id=\"mainphotoarea\"><\/div><div class=\"theme-buttons\"><div class=\"fb-like\" data-href=\"https:\/\/spanish.martinvarsavsky.net\/?p=8043\" data-send=\"false\" data-layout=\"box_count\" data-width=\"71\" data-show-faces=\"false\" data-font=\"arial\" data-locale=\"es_ES\"><\/div><\/div>","protected":false},"excerpt":{"rendered":"<p>Resumen: Lo que lo que la gente cree en Espa\u00f1a que son los problemas m\u00e1s serios de este pa\u00eds no lo son, y viceversa. Vivo en Espa\u00f1a desde 1995. Lo hago por amor, lo digo en serio. Me encanta este pa\u00eds. Renunci\u00e9 a la nacionalidad estaounidense para tener la espa\u00f1ola, y debo ser el \u00fanico [&hellip;]<\/p>\n","protected":false},"author":2,"featured_media":0,"comment_status":"open","ping_status":"open","sticky":false,"template":"","format":"standard","meta":[],"categories":[3],"tags":[],"_links":{"self":[{"href":"https:\/\/spanish.martinvarsavsky.net\/index.php?rest_route=\/wp\/v2\/posts\/8043"}],"collection":[{"href":"https:\/\/spanish.martinvarsavsky.net\/index.php?rest_route=\/wp\/v2\/posts"}],"about":[{"href":"https:\/\/spanish.martinvarsavsky.net\/index.php?rest_route=\/wp\/v2\/types\/post"}],"author":[{"embeddable":true,"href":"https:\/\/spanish.martinvarsavsky.net\/index.php?rest_route=\/wp\/v2\/users\/2"}],"replies":[{"embeddable":true,"href":"https:\/\/spanish.martinvarsavsky.net\/index.php?rest_route=%2Fwp%2Fv2%2Fcomments&post=8043"}],"version-history":[{"count":0,"href":"https:\/\/spanish.martinvarsavsky.net\/index.php?rest_route=\/wp\/v2\/posts\/8043\/revisions"}],"wp:attachment":[{"href":"https:\/\/spanish.martinvarsavsky.net\/index.php?rest_route=%2Fwp%2Fv2%2Fmedia&parent=8043"}],"wp:term":[{"taxonomy":"category","embeddable":true,"href":"https:\/\/spanish.martinvarsavsky.net\/index.php?rest_route=%2Fwp%2Fv2%2Fcategories&post=8043"},{"taxonomy":"post_tag","embeddable":true,"href":"https:\/\/spanish.martinvarsavsky.net\/index.php?rest_route=%2Fwp%2Fv2%2Ftags&post=8043"}],"curies":[{"name":"wp","href":"https:\/\/api.w.org\/{rel}","templated":true}]}}