{"id":78,"date":"2005-06-30T19:12:18","date_gmt":"2005-06-30T17:12:18","guid":{"rendered":"http:\/\/192.168.1.2\/sp\/?p=78"},"modified":"2010-09-21T12:01:41","modified_gmt":"2010-09-21T10:01:41","slug":"davos-espanol-contra-la-pobreza","status":"publish","type":"post","link":"https:\/\/spanish.martinvarsavsky.net\/?p=78","title":{"rendered":"\u00bfUn Davos en Espa\u00f1ol Contra la Pobreza?"},"content":{"rendered":"<p>Hace a\u00f1os que voy a la conferencia anual del Foro Econ\u00f3mico Mundial en Davos.  Confieso que me encanta ir y estoy seguro de que Davos es la mejor conferencia del mundo.  S\u00ed, es verdad que es muy elitista y que pocos pueden participar.  Pero tambi\u00e9n la universidad de Columbia a la que fui era muy elitista y, sin embargo, es menos criticada que  Davos.<\/p>\n<p>La mala prensa que tiene la conferencia anual viene de un sentimiento que existe en los medios y parte del p\u00fablico, por el cual en Davos los ricos consiguen favores de los pol\u00edticos y que juntos dominan al mundo.  Aunque se que voy a sonar poco cre\u00edble si digo que no es as\u00ed, lo voy a decir igual: NO ES AS\u00cd.<br \/>\n<!--more--><br \/>\nEs verdad que para ir a Davos hay que ser exitoso en lo que uno hace, pero, curiosamente, un tercio de la gente que asiste no es ni rica ni poderosa en el sentido cl\u00e1sico de la palabra.  Este grupo pertenece al mundo intelectual, acad\u00e9mico y de las ONGs. Adem\u00e1s, todos los asistentes a Davos, como se puede ver en su sitio <a href=\"http:\/\/www.weforum.org\">www.weforum.org<\/a>, se dedican a temas que poco tienen que ver con ganar m\u00e1s dinero. En Davos, muchos empresarios se encuentran con l\u00edderes de ONGs y pol\u00edticos, cre\u00e1ndose un ambiente apropiado para discutir y tratar los problemas sociales.<\/p>\n<p>Por mi parte, si yo tuviera que hacerle una cr\u00edtica a Davos, la har\u00eda desde una posici\u00f3n muy diferente: dir\u00eda que el mundo hispano est\u00e1 muy poco representado en el foro y, por lo tanto, que nuestros problemas no est\u00e1n especialmente atendidos.  Es por esto que estoy trabajando en un nuevo proyecto para replicar la idea de un encuentro, al estilo de Davos, pero en espa\u00f1ol y particularmente enfocado a los problemas del mundo hispano.<\/p>\n<p>\u00bfCu\u00e1l es el problema m\u00e1s grande del mundo hispano?  La pobreza y todas sus ramificaciones.  La falta de oportunidades, la inequidad, la falta de acceso a una vivienda digna, una buena educaci\u00f3n, un buen sistema sanitario, etc. Estos problemas son el com\u00fan denominador de toda Am\u00e9rica Latina, un continente que ha copiado sin \u00e9xito recetas norteamericanas y que es hora, en mi opini\u00f3n, de mirar a Europa como modelo.<\/p>\n<p>Mi objetivo es organizar una conferencia en la que participen empresarios, pol\u00edticos, ONGs y acad\u00e9micos. Una cumbre como la que organic\u00e9 con el Club de Madrid para el 11M, pero en espa\u00f1ol y orientada a luchar eficazmente contra la pobreza en el mundo hispano.  No creo que los gobiernos por si solos puedan solucionar este serio problema, pero si creo en un esfuerzo combinado de los gobiernos-empresas-ongs y de la sociedad civil en general.<\/p>\n<p>En Latinoam\u00e9rica hay m\u00e1s de 100 millones de personas viviendo en condiciones penosas.  Es hora de que todos los actores importantes de la sociedad se junten a pensar c\u00f3mo mejorar su situaci\u00f3n.<\/p>\n<p>Lamento que haya personas que se sientan ofendidos con solo mencionar la palabra Davos, pero es el foro m\u00e1s importante del mundo que re\u00fane a los empresarios m\u00e1s importantes del mundo, y sin \u00e9stos jam\u00e1s se podr\u00eda llegar a solucionar el grave problema de la pobreza en Am\u00e9rica Latina.<\/p>\n<div id=\"mainphotoarea\"><\/div><div class=\"theme-buttons\"><div class=\"fb-like\" data-href=\"https:\/\/spanish.martinvarsavsky.net\/?p=78\" data-send=\"false\" data-layout=\"box_count\" data-width=\"71\" data-show-faces=\"false\" data-font=\"arial\" data-locale=\"es_ES\"><\/div><\/div>","protected":false},"excerpt":{"rendered":"<p>Hace a\u00f1os que voy a la conferencia anual del Foro Econ\u00f3mico Mundial en Davos. Confieso que me encanta ir y estoy seguro de que Davos es la mejor conferencia del mundo. S\u00ed, es verdad que es muy elitista y que pocos pueden participar. Pero tambi\u00e9n la universidad de Columbia a la que fui era muy [&hellip;]<\/p>\n","protected":false},"author":2,"featured_media":0,"comment_status":"open","ping_status":"closed","sticky":false,"template":"","format":"standard","meta":[],"categories":[5],"tags":[435,524,525,526],"_links":{"self":[{"href":"https:\/\/spanish.martinvarsavsky.net\/index.php?rest_route=\/wp\/v2\/posts\/78"}],"collection":[{"href":"https:\/\/spanish.martinvarsavsky.net\/index.php?rest_route=\/wp\/v2\/posts"}],"about":[{"href":"https:\/\/spanish.martinvarsavsky.net\/index.php?rest_route=\/wp\/v2\/types\/post"}],"author":[{"embeddable":true,"href":"https:\/\/spanish.martinvarsavsky.net\/index.php?rest_route=\/wp\/v2\/users\/2"}],"replies":[{"embeddable":true,"href":"https:\/\/spanish.martinvarsavsky.net\/index.php?rest_route=%2Fwp%2Fv2%2Fcomments&post=78"}],"version-history":[{"count":0,"href":"https:\/\/spanish.martinvarsavsky.net\/index.php?rest_route=\/wp\/v2\/posts\/78\/revisions"}],"wp:attachment":[{"href":"https:\/\/spanish.martinvarsavsky.net\/index.php?rest_route=%2Fwp%2Fv2%2Fmedia&parent=78"}],"wp:term":[{"taxonomy":"category","embeddable":true,"href":"https:\/\/spanish.martinvarsavsky.net\/index.php?rest_route=%2Fwp%2Fv2%2Fcategories&post=78"},{"taxonomy":"post_tag","embeddable":true,"href":"https:\/\/spanish.martinvarsavsky.net\/index.php?rest_route=%2Fwp%2Fv2%2Ftags&post=78"}],"curies":[{"name":"wp","href":"https:\/\/api.w.org\/{rel}","templated":true}]}}