{"id":542,"date":"2006-07-14T03:05:57","date_gmt":"2006-07-14T01:05:57","guid":{"rendered":"http:\/\/192.168.1.2\/sp\/?p=542"},"modified":"2010-10-01T10:58:54","modified_gmt":"2010-10-01T08:58:54","slug":"la-diversian-y-la-miseria","status":"publish","type":"post","link":"https:\/\/spanish.martinvarsavsky.net\/?p=542","title":{"rendered":"La Diversi\u00f3n y la Miseria"},"content":{"rendered":"<blockquote cite=\"http:\/\/www.flickr.com\/photos\/martinvars\/189079390\/\"><p><img src=\"http:\/\/static.flickr.com\/56\/189079390_fa65083fe0.jpg?v=0\" alt=\"\" \/><\/p><\/blockquote>\n<p class=\"citation\">\n<p>En esta foto estamos Alex Zubillaga, de Warner, Michael Dell, Danny Rimer, mi socio en Index Ventures, y yo.  Fue un paseo hermoso por las monta\u00f1as.  Le\u00ed un comentario de una persona en mi blog que dec\u00eda que le parece terrible que gente rica se re\u00fana y se la pase bien, mientras hay tanta miseria en el mundo.  Sin embargo, charlando con Michael Dell sali\u00f3 el tema de como hizo \u00e9l su fortuna (que por cierto es mucho m\u00e1s grande que la m\u00eda) y la historia suya se repite y se repite en esta conferencia.<br \/>\n<!--more--><br \/>\nLa gran mayor\u00eda de los que estamos aqu\u00ed nacimos clase media, algunos directamente pobres.  Nadie nos regal\u00f3 nada.  En un momento, Michael me pregunt\u00f3 cu\u00e1ndo empec\u00e9 a montar en bici y yo le dije que cuando era mensajero en bicicleta en Nueva York y no le pareci\u00f3 nada raro. En esta conferencia &#8211;que re\u00fane a muchos de los m\u00e1s ricos del planeta&#8211; es com\u00fan haber empezado desde abajo.   Michael, pese a su enorme \u00e9xito, es una persona sencilla, divertida, sensible, incre\u00edblemente trabajadora (12 horas todos los d\u00edas)  que se hizo totalmente solo, como yo.  En Espa\u00f1a y en Latinoam\u00e9rica muchos ricos ocultan sus or\u00edgenes humildes o de clase media.  En Estados Unidos es un orgullo.<\/p>\n<p>En mi caso mi familia era muy rica intelectualmente. Mi padre era astrof\u00edsico, pero los sueldos de profesor universitario en Argentina eran miserables, as\u00ed que nosotros pertenec\u00edamos a una elite intelectual, pero el carnicero de la feria de Vicente Lopez de la vuelta de mi casa (crec\u00ed en Las Heras 1975), ganaba mucho m\u00e1s que mi padre cuando yo ten\u00eda 6 a\u00f1os.  Y, para colmo, luego vino Ongan\u00eda y a mi querido padre lo molieron a palos y termin\u00f3 en el hospital.  Si, yo conoc\u00ed todo tipo de miserias. No la pobreza en si misma, pero la miseria de ver a tu padre golpeado por la polic\u00eda y a tu \u00fanico primo asesinado por los militares.<\/p>\n<p>Todos en esta conferencia sabemos muy bien que en el mundo hay una pobreza enorme, hay injusticia, falta de oportunidades, que el mundo est\u00e1 dividido entre las sociedades de consumo Europeas, Norteamericanas, y de partes de Asia donde el problema de muchos es qu\u00e9 marca de ropa comprarse y la otra mitad del mundo donde la gente no tiene ropa para ponerse, ni electricidad, ni comida, ni educaci\u00f3n, ni salud, ni justicia.  En USA, la gente rica tiene mucha m\u00e1s conciencia social que en Latinoam\u00e9rica y Espa\u00f1a y la gente aqu\u00ed toca temas muy serios.  Warren Buffet, tambi\u00e9n aqu\u00ed presente, acaba de hacer la segunda donaci\u00f3n m\u00e1s grande de la historia a la fundaci\u00f3n que recibi\u00f3 la primera donaci\u00f3n m\u00e1s grande de la historia.  No habl\u00e9 con Warren Buffet, pero le vi y le\u00ed sobre el.  Tambi\u00e9n es una persona sencilla de grandes principios.<\/p>\n<p>Pero tambi\u00e9n, como todo ser humano, los participantes se divierten con chorradas (tonter\u00edas):  yo pensando que le daba ca\u00f1a a Michael en la bici, el quiz\u00e1s pensando que me daba ca\u00f1a como emprendedor y \u00e9l, yo, Danny (mi socio en FON), Mike Volp (otro socio) y Alex (un nuevo amigo) nos la pasamos genial con las bicis.<\/p>\n<div id=\"mainphotoarea\"><\/div><div class=\"theme-buttons\"><div class=\"fb-like\" data-href=\"https:\/\/spanish.martinvarsavsky.net\/?p=542\" data-send=\"false\" data-layout=\"box_count\" data-width=\"71\" data-show-faces=\"false\" data-font=\"arial\" data-locale=\"es_ES\"><\/div><\/div>","protected":false},"excerpt":{"rendered":"<p>En esta foto estamos Alex Zubillaga, de Warner, Michael Dell, Danny Rimer, mi socio en Index Ventures, y yo. Fue un paseo hermoso por las monta\u00f1as. Le\u00ed un comentario de una persona en mi blog que dec\u00eda que le parece terrible que gente rica se re\u00fana y se la pase bien, mientras hay tanta miseria [&hellip;]<\/p>\n","protected":false},"author":2,"featured_media":0,"comment_status":"open","ping_status":"closed","sticky":false,"template":"","format":"standard","meta":[],"categories":[6],"tags":[851,834,882,770,880,881],"_links":{"self":[{"href":"https:\/\/spanish.martinvarsavsky.net\/index.php?rest_route=\/wp\/v2\/posts\/542"}],"collection":[{"href":"https:\/\/spanish.martinvarsavsky.net\/index.php?rest_route=\/wp\/v2\/posts"}],"about":[{"href":"https:\/\/spanish.martinvarsavsky.net\/index.php?rest_route=\/wp\/v2\/types\/post"}],"author":[{"embeddable":true,"href":"https:\/\/spanish.martinvarsavsky.net\/index.php?rest_route=\/wp\/v2\/users\/2"}],"replies":[{"embeddable":true,"href":"https:\/\/spanish.martinvarsavsky.net\/index.php?rest_route=%2Fwp%2Fv2%2Fcomments&post=542"}],"version-history":[{"count":0,"href":"https:\/\/spanish.martinvarsavsky.net\/index.php?rest_route=\/wp\/v2\/posts\/542\/revisions"}],"wp:attachment":[{"href":"https:\/\/spanish.martinvarsavsky.net\/index.php?rest_route=%2Fwp%2Fv2%2Fmedia&parent=542"}],"wp:term":[{"taxonomy":"category","embeddable":true,"href":"https:\/\/spanish.martinvarsavsky.net\/index.php?rest_route=%2Fwp%2Fv2%2Fcategories&post=542"},{"taxonomy":"post_tag","embeddable":true,"href":"https:\/\/spanish.martinvarsavsky.net\/index.php?rest_route=%2Fwp%2Fv2%2Ftags&post=542"}],"curies":[{"name":"wp","href":"https:\/\/api.w.org\/{rel}","templated":true}]}}