{"id":4465,"date":"2009-01-26T10:04:22","date_gmt":"2009-01-26T09:04:22","guid":{"rendered":"https:\/\/spanish.martinvarsavsky.net\/?p=4465"},"modified":"2009-01-26T10:07:31","modified_gmt":"2009-01-26T09:07:31","slug":"el-uso-de-internet-en-la-politica","status":"publish","type":"post","link":"https:\/\/spanish.martinvarsavsky.net\/?p=4465","title":{"rendered":"El uso de Internet en la pol\u00edtica"},"content":{"rendered":"<p>Estoy en <a href=\"http:\/\/www.dld-conference.com\/\">DLD<\/a> en una sesi\u00f3n que habla sobre el uso de Youtube, Facebook y otras herramientas de internet en las \u00faltimas elecciones norteamericanas y los panelistas son todos norteamericanos.  Pero cuando se abri\u00f3 la sesi\u00f3n a preguntas y respuestas se arm\u00f3 un debate muy fuerte entre norteamericanos y europeos.  Los norteamericanos muestran fascinaci\u00f3n por la apertura que Internet representa, los europeos se preocupan por la posibilidad de nuevos fascismos que surjan en Internet, por la privacidad de informaci\u00f3n, porque Facebook tenga m\u00e1s informaci\u00f3n sobre las ideas pol\u00edticas de la gente que el p\u00fablico.  El tema del fascismo es un monstruo que no se termina en Europa.  Personalmente yo no tengo duda que Internet lleva a la apertura y no al fascismo aunque reconozco que hay fen\u00f3menos de masas que pueden llevar aa mucha gente a pensar de la misma manera que pueden ser amplificados por la red.  <\/p>\n<div id=\"mainphotoarea\"><\/div><div class=\"theme-buttons\"><div class=\"fb-like\" data-href=\"https:\/\/spanish.martinvarsavsky.net\/?p=4465\" data-send=\"false\" data-layout=\"box_count\" data-width=\"71\" data-show-faces=\"false\" data-font=\"arial\" data-locale=\"es_ES\"><\/div><\/div>","protected":false},"excerpt":{"rendered":"<p>Estoy en DLD en una sesi\u00f3n que habla sobre el uso de Youtube, Facebook y otras herramientas de internet en las \u00faltimas elecciones norteamericanas y los panelistas son todos norteamericanos. Pero cuando se abri\u00f3 la sesi\u00f3n a preguntas y respuestas se arm\u00f3 un debate muy fuerte entre norteamericanos y europeos. Los norteamericanos muestran fascinaci\u00f3n por [&hellip;]<\/p>\n","protected":false},"author":2,"featured_media":0,"comment_status":"open","ping_status":"open","sticky":false,"template":"","format":"standard","meta":[],"categories":[160],"tags":[],"_links":{"self":[{"href":"https:\/\/spanish.martinvarsavsky.net\/index.php?rest_route=\/wp\/v2\/posts\/4465"}],"collection":[{"href":"https:\/\/spanish.martinvarsavsky.net\/index.php?rest_route=\/wp\/v2\/posts"}],"about":[{"href":"https:\/\/spanish.martinvarsavsky.net\/index.php?rest_route=\/wp\/v2\/types\/post"}],"author":[{"embeddable":true,"href":"https:\/\/spanish.martinvarsavsky.net\/index.php?rest_route=\/wp\/v2\/users\/2"}],"replies":[{"embeddable":true,"href":"https:\/\/spanish.martinvarsavsky.net\/index.php?rest_route=%2Fwp%2Fv2%2Fcomments&post=4465"}],"version-history":[{"count":0,"href":"https:\/\/spanish.martinvarsavsky.net\/index.php?rest_route=\/wp\/v2\/posts\/4465\/revisions"}],"wp:attachment":[{"href":"https:\/\/spanish.martinvarsavsky.net\/index.php?rest_route=%2Fwp%2Fv2%2Fmedia&parent=4465"}],"wp:term":[{"taxonomy":"category","embeddable":true,"href":"https:\/\/spanish.martinvarsavsky.net\/index.php?rest_route=%2Fwp%2Fv2%2Fcategories&post=4465"},{"taxonomy":"post_tag","embeddable":true,"href":"https:\/\/spanish.martinvarsavsky.net\/index.php?rest_route=%2Fwp%2Fv2%2Ftags&post=4465"}],"curies":[{"name":"wp","href":"https:\/\/api.w.org\/{rel}","templated":true}]}}