{"id":388,"date":"2006-03-14T00:01:40","date_gmt":"2006-03-13T22:01:40","guid":{"rendered":"http:\/\/192.168.1.2\/sp\/?p=388"},"modified":"2006-03-14T00:01:40","modified_gmt":"2006-03-13T22:01:40","slug":"revolucion-o-marcha","status":"publish","type":"post","link":"https:\/\/spanish.martinvarsavsky.net\/?p=388","title":{"rendered":"\u00bfRevoluci\u00f3n o Marcha?"},"content":{"rendered":"<p>Ahora que ya somos tantos foneros y que nos sentimos c\u00f3modos como un Movimiento de gente que comparte su WiFi se nos ocurri\u00f3 preguntaros qu\u00e9 os parecer\u00eda cambiar la imagen original de Fon por \u00e9stas. Hace tan s\u00f3lo cinco meses que comenzamos a pensar en la revoluci\u00f3n de un planeta wifi y hoy tenemos casi los 24 mil foneros registrados en todo el mundo. Las Revoluciones son transformaciones r\u00e1pidas y profundas del orden establecido, y la Marcha es la celebraci\u00f3n, la algarab\u00eda que habitualmente las sucede.<\/p>\n<p>Quiz\u00e1s sea prematuro, o quiz\u00e1s conveniente, pasar de una imagen a otra para definir c\u00f3mo nos sentimos m\u00e1s identificados. \u00bfT\u00fa que opinas? \u00bfTe sientes m\u00e1s reflejado\/a en la imagen de la manifestaci\u00f3n que reclama conexi\u00f3n en todo el planeta WiFi o celebrando que cada d\u00eda se une m\u00e1s gente a Fon? \u00bfCu\u00e1l crees que deber\u00eda aparecer en la web de Fon?<\/p>\n<p>Revoluci\u00f3n<br \/>\n<img loading=\"lazy\" alt=\"manifon.bmp\" src=\"https:\/\/spanish.martinvarsavsky.net\/manifon.bmp\" width=\"500\" height=\"120\" \/><\/p>\n<p>o Marcha?<br \/>\n<img loading=\"lazy\" alt=\"Dibujo3.JPG\" src=\"https:\/\/spanish.martinvarsavsky.net\/Dibujo3.JPG\" width=\"500\" height=\"120\" \/><\/p>\n<div id=\"mainphotoarea\"><\/div><div class=\"theme-buttons\"><div class=\"fb-like\" data-href=\"https:\/\/spanish.martinvarsavsky.net\/?p=388\" data-send=\"false\" data-layout=\"box_count\" data-width=\"71\" data-show-faces=\"false\" data-font=\"arial\" data-locale=\"es_ES\"><\/div><\/div>","protected":false},"excerpt":{"rendered":"<p>Ahora que ya somos tantos foneros y que nos sentimos c\u00f3modos como un Movimiento de gente que comparte su WiFi se nos ocurri\u00f3 preguntaros qu\u00e9 os parecer\u00eda cambiar la imagen original de Fon por \u00e9stas. Hace tan s\u00f3lo cinco meses que comenzamos a pensar en la revoluci\u00f3n de un planeta wifi y hoy tenemos casi [&hellip;]<\/p>\n","protected":false},"author":2,"featured_media":0,"comment_status":"open","ping_status":"closed","sticky":false,"template":"","format":"standard","meta":[],"categories":[6,3],"tags":[],"_links":{"self":[{"href":"https:\/\/spanish.martinvarsavsky.net\/index.php?rest_route=\/wp\/v2\/posts\/388"}],"collection":[{"href":"https:\/\/spanish.martinvarsavsky.net\/index.php?rest_route=\/wp\/v2\/posts"}],"about":[{"href":"https:\/\/spanish.martinvarsavsky.net\/index.php?rest_route=\/wp\/v2\/types\/post"}],"author":[{"embeddable":true,"href":"https:\/\/spanish.martinvarsavsky.net\/index.php?rest_route=\/wp\/v2\/users\/2"}],"replies":[{"embeddable":true,"href":"https:\/\/spanish.martinvarsavsky.net\/index.php?rest_route=%2Fwp%2Fv2%2Fcomments&post=388"}],"version-history":[{"count":0,"href":"https:\/\/spanish.martinvarsavsky.net\/index.php?rest_route=\/wp\/v2\/posts\/388\/revisions"}],"wp:attachment":[{"href":"https:\/\/spanish.martinvarsavsky.net\/index.php?rest_route=%2Fwp%2Fv2%2Fmedia&parent=388"}],"wp:term":[{"taxonomy":"category","embeddable":true,"href":"https:\/\/spanish.martinvarsavsky.net\/index.php?rest_route=%2Fwp%2Fv2%2Fcategories&post=388"},{"taxonomy":"post_tag","embeddable":true,"href":"https:\/\/spanish.martinvarsavsky.net\/index.php?rest_route=%2Fwp%2Fv2%2Ftags&post=388"}],"curies":[{"name":"wp","href":"https:\/\/api.w.org\/{rel}","templated":true}]}}