{"id":295,"date":"2006-01-05T05:51:49","date_gmt":"2006-01-05T03:51:49","guid":{"rendered":"http:\/\/192.168.1.2\/sp\/?p=295"},"modified":"2006-01-05T05:51:49","modified_gmt":"2006-01-05T03:51:49","slug":"kirchner-educar","status":"publish","type":"post","link":"https:\/\/spanish.martinvarsavsky.net\/?p=295","title":{"rendered":"N\u00e9stor Kirchner , Daniel Filmus, Alejandro Piscitelli y Educ.ar"},"content":{"rendered":"<p>Hoy le\u00ed el <a href=\"http:\/\/www.educ.ar\/educar\/institucional\/anuario05\/\">anuario<\/a> de Educ.ar y me sent\u00ed muy orgulloso de haber fundado el programa.  He criticado al presidente Nestor Kirchner pero con respecto al tema de educaci\u00f3n y concretamente el de Educ.ar estoy profundamente agradecido por su enorme apoyo al programa que iniciamos hace 5 a\u00f1os.<\/p>\n<p>Tambi\u00e9n quiero agradecer al ministro Daniel Filmus, a Alejandro Piscitelli que dirige el d\u00eda a d\u00eda de Educ.ar y a todo el equipo de Educ.ar por el gran trabajo realizado en el 2005, su mejor a\u00f1o.<\/p>\n<div id=\"mainphotoarea\"><\/div><div class=\"theme-buttons\"><div class=\"fb-like\" data-href=\"https:\/\/spanish.martinvarsavsky.net\/?p=295\" data-send=\"false\" data-layout=\"box_count\" data-width=\"71\" data-show-faces=\"false\" data-font=\"arial\" data-locale=\"es_ES\"><\/div><\/div>","protected":false},"excerpt":{"rendered":"<p>Hoy le\u00ed el anuario de Educ.ar y me sent\u00ed muy orgulloso de haber fundado el programa. He criticado al presidente Nestor Kirchner pero con respecto al tema de educaci\u00f3n y concretamente el de Educ.ar estoy profundamente agradecido por su enorme apoyo al programa que iniciamos hace 5 a\u00f1os. Tambi\u00e9n quiero agradecer al ministro Daniel Filmus, [&hellip;]<\/p>\n","protected":false},"author":2,"featured_media":0,"comment_status":"open","ping_status":"closed","sticky":false,"template":"","format":"standard","meta":[],"categories":[3],"tags":[],"_links":{"self":[{"href":"https:\/\/spanish.martinvarsavsky.net\/index.php?rest_route=\/wp\/v2\/posts\/295"}],"collection":[{"href":"https:\/\/spanish.martinvarsavsky.net\/index.php?rest_route=\/wp\/v2\/posts"}],"about":[{"href":"https:\/\/spanish.martinvarsavsky.net\/index.php?rest_route=\/wp\/v2\/types\/post"}],"author":[{"embeddable":true,"href":"https:\/\/spanish.martinvarsavsky.net\/index.php?rest_route=\/wp\/v2\/users\/2"}],"replies":[{"embeddable":true,"href":"https:\/\/spanish.martinvarsavsky.net\/index.php?rest_route=%2Fwp%2Fv2%2Fcomments&post=295"}],"version-history":[{"count":0,"href":"https:\/\/spanish.martinvarsavsky.net\/index.php?rest_route=\/wp\/v2\/posts\/295\/revisions"}],"wp:attachment":[{"href":"https:\/\/spanish.martinvarsavsky.net\/index.php?rest_route=%2Fwp%2Fv2%2Fmedia&parent=295"}],"wp:term":[{"taxonomy":"category","embeddable":true,"href":"https:\/\/spanish.martinvarsavsky.net\/index.php?rest_route=%2Fwp%2Fv2%2Fcategories&post=295"},{"taxonomy":"post_tag","embeddable":true,"href":"https:\/\/spanish.martinvarsavsky.net\/index.php?rest_route=%2Fwp%2Fv2%2Ftags&post=295"}],"curies":[{"name":"wp","href":"https:\/\/api.w.org\/{rel}","templated":true}]}}