{"id":2033,"date":"2008-06-19T09:45:24","date_gmt":"2008-06-19T07:45:24","guid":{"rendered":"https:\/\/spanish.martinvarsavsky.net\/general\/los-transportistas-espanoles-el-gobierno-y-el-precio-del-petroleo.html"},"modified":"2008-06-19T14:18:18","modified_gmt":"2008-06-19T12:18:18","slug":"los-transportistas-espanoles-el-gobierno-y-el-precio-del-petroleo","status":"publish","type":"post","link":"https:\/\/spanish.martinvarsavsky.net\/?p=2033","title":{"rendered":"Los transportistas espa\u00f1oles, el gobierno y el precio del petr\u00f3leo"},"content":{"rendered":"<p>Ha transcurrido m\u00e1s de una semana desde el inicio de la huelga de transportistas en Espa\u00f1a, que protestan por la subida del precio del petr\u00f3leo y exigen al Gobierno de Zapatero medidas para contrarrestar la situaci\u00f3n. Tales exigencias, adem\u00e1s de provocar <a href=\"http:\/\/www.elmundo.es\/mundodinero\/2008\/06\/08\/economia\/1212955722.html\">importantes retenciones<\/a> en las carreteras espa\u00f1olas, han ido acompa\u00f1adas de serios altercados, adem\u00e1s de <a href=\"http:\/\/www.elpais.com\/articulo\/espana\/atropello\/mortal\/piquetero\/congela\/negociacion\/huelga\/elpepuesp\/20080610elpepunac_24\/Tes\">saldarse una vida<\/a> y causar importantes da\u00f1os <a href=\"http:\/\/www.elpais.com\/articulo\/economia\/camiones\/cargados\/arden\/poligono\/Malaga\/elpepieco\/20080615elpepieco_4\/Tes\">materiales<\/a>, e incluso, <a href=\"http:\/\/www.elpais.com\/articulo\/economia\/camionero\/herido\/grave\/arder\/vehiculo\/Alicante\/elpepueco\/20080611elpepueco_2\/Tes\">personales<\/a>.<\/p>\n<p><a href=\"https:\/\/spanish.martinvarsavsky.net\/espaaa\/los-piqueteros-y-el-precio-de-la-gasolina.html\">Como dije antes<\/a>, me sorprenden un poco estas exigencias al Gobierno, como si del Gobierno dependiera fijar el precio del barril de petr\u00f3leo.  Cuando leo las noticias en Espa\u00f1a y c\u00f3mo los espa\u00f1oles esperan soluciones de su gobierno me d\u00e1 la sensaci\u00f3n que el espa\u00f1ol medio no se d\u00e1 cuenta lo impotente que es el gobierno espa\u00f1ol para tratar un tema como este.  He vivido en tres paises en mi vida:  Argentina, Estados Unidos y Espa\u00f1a, y Espa\u00f1a es el pa\u00eds m\u00e1s globalizado en el que viv\u00ed.  M\u00e1s a\u00fan que Estados Unidos.  El resultado de esta pol\u00edtica es mixto.  Por un lado desde que Espa\u00f1a se globaliz\u00f3 le ha ido mejor que nunca y eso se ve en todas los datos econ\u00f3micos o simplemente recorriendo el pa\u00eds.  Pero por otro lado Espa\u00f1a entreg\u00f3 much\u00edsimo de su poder de desici\u00f3n a la Uni\u00f3n Europea, a las multinacionales que aqu\u00ed operan, a los paises l\u00edderes de la globalizaci\u00f3n y el gobierno ante un fen\u00f3meno como la escalada del precio del barril de petr\u00f3leo poco puede hacer.<\/p>\n<p>La raz\u00f3n por la cual el precio del petr\u00f3leo se ha encarecido tanto en los \u00faltimos meses, poco tiene que ver con Espa\u00f1a, que no produce petr\u00f3leo, ni forma parte de <a href=\"http:\/\/www.opec.org\/home\/\">OPEP<\/a> (cuyo poder reside en que puede regular la una gran parte de la oferta de petr\u00f3leo a nivel global); es decir, <a href=\"http:\/\/www.elpais.com\/articulo\/economia\/Fomento\/advierte\/fijar\/precio\/minimo\/imposible\/elpepueco\/20080611elpepueco_1\/Tes\">no hay nada que Espa\u00f1a pueda hacer<\/a> por reducir el actual coste del petr\u00f3leo.   El coste del petr\u00f3leo viene definido por la interacci\u00f3n entre la oferta y la demanda y en estos momentos hay una enorme demanda y el resultado de esta intersecci\u00f3n es $135 por barril nos guste o no.<\/p>\n<p>Este auge de los costes implica una enorme transferencia de riqueza de los paises consumidores a los paises exportadores de petroleo.  En los \u00faltimos 3 a\u00f1os, el conjunto de pa\u00edses importadores transfiri\u00f3 m\u00e1s de 3 billones de d\u00f3lares a los pa\u00edses productores.  Seg\u00fan un reciente informe de <a href=\"http:\/\/www.morganstanley.com\/index.html\">Morgan Stanley Research<\/a>, solo Arabia Saud\u00ed est\u00e1 ganando m\u00e1s de mil millones de d\u00f3lares al d\u00eda gracias a la exportaci\u00f3n del crudo.  El triple que hace unos pocos a\u00f1os.<\/p>\n<p>Con todo, mi opini\u00f3n personal es que podemos estar esperanzados: aunque la oferta de paises OPEP dependa de cu\u00e1nto abran o cierren el grifo (la canilla), en otros lugares la oferta se determina por cu\u00e1nto cueste la explotaci\u00f3n del crudo. Creo que, con el precio actual del barril, <a href=\"http:\/\/www.elperiodico.com\/default.asp?idpublicacio_PK=46&amp;idioma=CAS&amp;idnoticia_PK=519181&amp;idseccio_PK=1009\">a 140 d\u00f3lares<\/a>, muchos pa\u00edses a los que no les sal\u00eda rentable extraer el petr\u00f3leo, de pronto ven en la extracci\u00f3n todo un fil\u00f3n. Lo m\u00e1s probable es que en los pr\u00f3ximos cinco a\u00f1os seamos testigos del surgimiento de nuevas fuentes de explotaci\u00f3n que, evidentemente, repercutir\u00e1n en la oferta global.  Al mismo tiempo el alto precio del combustible va a lograr por las malas lo que no logramos por las buenas, bajar el consumo y contaminar menos.<\/p>\n<p>Por otra parte, vuelvo a una idea que ya coment\u00e9 al tratar el tema de los piquetes en un post anterior: el Gobierno de Espa\u00f1a debe aprovechar esta coyuntura en el precio del petr\u00f3leo, y mantenerlo cuando baje: lo bueno de la subida del combustible es que obliga a los ciudadanos a modificar su conducta diaria, prescindiendo de veh\u00edculo privado a favor del p\u00fablico, o bien adquiriendo veh\u00edculos de motores menos potentes, lo que obligar\u00e1 a reducir la velocidad al volante, que har\u00e1 descender tanto el n\u00famero de v\u00edctimas de tr\u00e1fico como la contaminaci\u00f3n, que paliar\u00e1 los efectos negativos sobre el calentamiento global.  El gobierno espa\u00f1ol puede usar los impuestos extra recaudados en caso de que baje el precio del petroleo para implementar m\u00e1s medidas que nos hagan menos dependientes de la energ\u00eda importada.<\/p>\n<div id=\"mainphotoarea\"><\/div><div class=\"theme-buttons\"><div class=\"fb-like\" data-href=\"https:\/\/spanish.martinvarsavsky.net\/?p=2033\" data-send=\"false\" data-layout=\"box_count\" data-width=\"71\" data-show-faces=\"false\" data-font=\"arial\" data-locale=\"es_ES\"><\/div><\/div>","protected":false},"excerpt":{"rendered":"<p>Ha transcurrido m\u00e1s de una semana desde el inicio de la huelga de transportistas en Espa\u00f1a, que protestan por la subida del precio del petr\u00f3leo y exigen al Gobierno de Zapatero medidas para contrarrestar la situaci\u00f3n. Tales exigencias, adem\u00e1s de provocar importantes retenciones en las carreteras espa\u00f1olas, han ido acompa\u00f1adas de serios altercados, adem\u00e1s de [&hellip;]<\/p>\n","protected":false},"author":2,"featured_media":0,"comment_status":"open","ping_status":"open","sticky":false,"template":"","format":"standard","meta":[],"categories":[8],"tags":[],"_links":{"self":[{"href":"https:\/\/spanish.martinvarsavsky.net\/index.php?rest_route=\/wp\/v2\/posts\/2033"}],"collection":[{"href":"https:\/\/spanish.martinvarsavsky.net\/index.php?rest_route=\/wp\/v2\/posts"}],"about":[{"href":"https:\/\/spanish.martinvarsavsky.net\/index.php?rest_route=\/wp\/v2\/types\/post"}],"author":[{"embeddable":true,"href":"https:\/\/spanish.martinvarsavsky.net\/index.php?rest_route=\/wp\/v2\/users\/2"}],"replies":[{"embeddable":true,"href":"https:\/\/spanish.martinvarsavsky.net\/index.php?rest_route=%2Fwp%2Fv2%2Fcomments&post=2033"}],"version-history":[{"count":0,"href":"https:\/\/spanish.martinvarsavsky.net\/index.php?rest_route=\/wp\/v2\/posts\/2033\/revisions"}],"wp:attachment":[{"href":"https:\/\/spanish.martinvarsavsky.net\/index.php?rest_route=%2Fwp%2Fv2%2Fmedia&parent=2033"}],"wp:term":[{"taxonomy":"category","embeddable":true,"href":"https:\/\/spanish.martinvarsavsky.net\/index.php?rest_route=%2Fwp%2Fv2%2Fcategories&post=2033"},{"taxonomy":"post_tag","embeddable":true,"href":"https:\/\/spanish.martinvarsavsky.net\/index.php?rest_route=%2Fwp%2Fv2%2Ftags&post=2033"}],"curies":[{"name":"wp","href":"https:\/\/api.w.org\/{rel}","templated":true}]}}