{"id":1919,"date":"2008-05-13T18:03:31","date_gmt":"2008-05-13T16:03:31","guid":{"rendered":"https:\/\/spanish.martinvarsavsky.net\/polatica-internacional\/%c2%bfaprovechara-america-latina-el-crecimiento-economico.html"},"modified":"2008-05-13T18:03:31","modified_gmt":"2008-05-13T16:03:31","slug":"%c2%bfaprovechara-america-latina-el-crecimiento-economico","status":"publish","type":"post","link":"https:\/\/spanish.martinvarsavsky.net\/?p=1919","title":{"rendered":"\u00bfAprovechar\u00e1 Am\u00e9rica Latina el crecimiento econ\u00f3mico?"},"content":{"rendered":"<p style=\"text-align: center\"><a href=\"http:\/\/spanish.safe-democracy.org\/eventos\/coloquio-transatlantico-2008\/\"><img src=\"https:\/\/spanish.martinvarsavsky.net\/wp-content\/uploads\/2008\/05\/banner-coloquio.jpg\" alt=\"Banner Coloquio\" \/><br \/>\n<\/a><\/p>\n<p>Quiero invitar a los lectores de mi blog al debate: <strong>\u00bfAprovechar\u00e1 Am\u00e9rica Latina el crecimiento econ\u00f3mico?<\/strong>, que mantendr\u00e1n <a href=\"http:\/\/es.wikipedia.org\/wiki\/Enrique_V._Iglesias\" title=\"http:\/\/es.wikipedia.org\/wiki\/Enrique_V._Iglesias\">Enrique Iglesias<\/a>, Secretario General Iberoamericano y Jos\u00e9 Juan Ru\u00edz G\u00f3mez, economista jefe de la Divisi\u00f3n Am\u00e9rica del <a href=\"http:\/\/www.gruposantander.es\/\" title=\"http:\/\/www.gruposantander.es\/\">Grupo Santander<\/a>, bajo mi moderaci\u00f3n.<\/p>\n<p>Se trata del primer debate del Coloquio Transatl\u00e1ntico 2008, un ciclo de 4 di\u00e1logos en Madrid y Barcelona sobre el futuro de Am\u00e9rica Latina, organizado por mi <a href=\"http:\/\/spanish.safe-democracy.org\/eventos\/coloquio-transatlantico-2008\/\" title=\"http:\/\/spanish.safe-democracy.org\/eventos\/coloquio-transatlantico-2008\/\">Fundaci\u00f3n Safe Democracy<\/a> y la <a href=\"http:\/\/www.fp-es.org\/coloquio-transatlantico-2008\" title=\"http:\/\/www.fp-es.org\/coloquio-transatlantico-2008\">revista Foreign Policy Edici\u00f3n Espa\u00f1ola<\/a>, con el apoyo de la <a href=\"http:\/\/www.segib.org\/\" title=\"http:\/\/www.segib.org\/\">Secretaria General Iberoamericana<\/a> (Segib), y la <a href=\"http:\/\/www.cidob.org\/\" title=\"http:\/\/www.cidob.org\/\">Fundaci\u00f3n CIDOB de Barcelona<\/a>.<\/p>\n<p>En el primer encuentro, hablaremos sobre los siguientes ejes:<\/p>\n<ul type=\"disc\">\n<li>\u00bfC\u00f3mo a\u00f1adir valor a los      alimentos y materias primas como motor del creamiento?<\/li>\n<li>Frente al espectacular      creamiento de China e India, \u00bfc\u00f3mo puede Am\u00e9rica Latina beneficiarse del      nuevo escenario mundial?<\/li>\n<li>\u00bfC\u00f3mo afecta la crisis      financiera internacional en la regi\u00f3n?<\/li>\n<li>\u00bfC\u00f3mo mejorar el clima de      negocios en la regi\u00f3n?<\/li>\n<li>\u00bfC\u00f3mo atraer m\u00e1s inversiones?<\/li>\n<li>\u00bfC\u00f3mo fortalecer la integraci\u00f3n      comercial?<\/li>\n<\/ul>\n<p>El debate \u00bfAprovechar\u00e1 Am\u00e9rica Latina el crecimiento econ\u00f3mico? se realizar\u00e1 el pr\u00f3ximo martes 27 de mayo a las 19 horas en el Teatro Lara de Madrid. Si deseas asistir, s\u00f3lo tienes que registrarte enviando un correo electr\u00f3nico a <a href=\"mailto:coloquio2008@safe-democracy.org\" title=\"mailto:coloquio2008@safe-democracy.org\">coloquio2008@safe-democracy.org<\/a> Puedes enviar tambi\u00e9n tus comentarios y preguntas a los ponentes a la misma cuenta de correo.<\/p>\n<p>Aqu\u00ed est\u00e1 la invitaci\u00f3n y m\u00e1s abajo el programa completo del Coloquio Transatl\u00e1ntico 2008, donde podr\u00e1s ver los ejes tem\u00e1ticos.<\/p>\n<p><!--more--><\/p>\n<p style=\"text-align: center\"><a href=\"http:\/\/spanish.safe-democracy.org\/eventos\/coloquio-transatlantico-2008\/\"><img loading=\"lazy\" src=\"http:\/\/www.safe-democracy.org\/img\/invitacion_.jpg\" height=\"1223\" width=\"641\" \/><\/a><\/p>\n<h3><\/h3>\n<p>PRIMER DEBATE:<\/p>\n<h4>\u00bfAPROVECHAR\u00c1 AM\u00c9RICA LATINA EL CRECIMIENTO ECON\u00d3MICO?<\/h4>\n<p><strong>\u00bfC\u00f3mo pasar del crecimiento al desarrollo econ\u00f3mico?<\/strong><br \/>\n\u00bfC\u00f3mo atraer m\u00e1s inversiones? \u00bfSe est\u00e1 aprovechando la oportunidad que representa la era de los commodities caros? \u00bfC\u00f3mo mejorar el clima de negocios en la regi\u00f3n? \u00bfSon los biocombustibles una oportunidad para Brasil y Argentina? \u00bfQu\u00e9 efectos podr\u00eda tener la crisis financiera internacional sobre la regi\u00f3n?<\/p>\n<p>Dialogan:<\/p>\n<ul>\n<li> <strong>Enrique Iglesias,<\/strong><br \/>\nSecretario<br \/>\nGeneral Iberoamericano<\/li>\n<li> <strong>Jos\u00e9 Juan Ru\u00edz G\u00f3mez,<\/strong><br \/>\nEconomista Jefe de la Divisi\u00f3n<br \/>\nAm\u00e9rica del Grupo Santander.<\/li>\n<\/ul>\n<p>Modera:<\/p>\n<ul>\n<li> <strong>Mart\u00edn Varsavsky,<\/strong><br \/>\nPresidente Ejecutivo de FON y<br \/>\nPresidente de la Fundaci\u00f3n Safe Democracy<\/li>\n<\/ul>\n<p><strong>Martes 27 de mayo \/ 19.00 hs.<\/strong><br \/>\nTeatro Lara: Corredera Baja de San Pablo, 15, 28004, Madrid<br \/>\nMetro: Callao<\/p>\n<p>M\u00e1s informaci\u00f3n en:<br \/>\n<a href=\"http:\/\/www.fp-es.org\/\">http:\/\/www.fp-es.org<\/a><br \/>\n<a href=\"http:\/\/spanish.safe-democracy.org\/\">http:\/\/spanish.safe-democracy.org<\/a><\/p>\n<h3>SEGUNDO DEBATE:<\/h3>\n<h4>ENERG\u00cdA, BIOCOMBUSTIBLES Y DESARROLLO SOSTENIBLE EN AM\u00c9RICA LATINA<\/h4>\n<p><strong>\u00bfC\u00f3mo superar las limitaciones energ\u00e9ticas al crecimiento?<\/strong><br \/>\no falta inversi\u00f3n? \u00bfSon los biocombustibles una oportunidad para la regi\u00f3n? \u00bfCu\u00e1l es la postura de Brasil? \u00bfEs el cambio clim\u00e1tico un problema o una oportunidad para Am\u00e9rica Latina? \u00bfC\u00f3mo promover las energ\u00edas renovables? \u00bfEs viable la energ\u00eda nuclear?<\/p>\n<p><strong>Septiembre, en el Teatro Lara de Madrid<\/strong><\/p>\n<h3>TERCER DEBATE:<\/h3>\n<h4>POBREZA, COHESI\u00d3N SOCIAL E INEQUIDAD EN AM\u00c9RICA LATINA<\/h4>\n<p><strong>\u00bfC\u00f3mo disminuir la pobreza y la inequidad en Am\u00e9rica Latina?<\/strong><br \/>\n\u00bfC\u00f3mo generar mayor cohesi\u00f3n social? \u00bfQu\u00e9 pueden aportar las empresas y corporaciones? \u00bfC\u00f3mo enfrentar la inseguridad ciudadana?<\/p>\n<p><strong>Octubre, en Barcelona, organizado por la Fundaci\u00f3n CIDOB<\/strong><\/p>\n<h3>CUARTO DEBATE:<\/h3>\n<h4>EL FUTURO POL\u00cdTICO DE AM\u00c9RICA LATINA EN LOS BICENTENARIOS<\/h4>\n<p><strong>\u00bfizquierda pragm\u00e1tica versus izquierda populista?<\/strong><br \/>\n\u00bfHacia d\u00f3nde van los reg\u00edmenes pol\u00edticos latinoamericanos? \u00bfQu\u00e9 modelo pol\u00edtico se impondr\u00e1 en los bicentenarios? \u00bfC\u00faales son las diferencias y similitudes entre los distintos modelos adoptados en la regi\u00f3n?<\/p>\n<p><a href=\"http:\/\/spanish.safe-democracy.org\/wp-content\/uploads\/2008\/05\/programa-coloquio-transatlantico-2008.pdf\">Descargar programa completo en PDF <\/a><\/p>\n<div id=\"mainphotoarea\"><\/div><div class=\"theme-buttons\"><div class=\"fb-like\" data-href=\"https:\/\/spanish.martinvarsavsky.net\/?p=1919\" data-send=\"false\" data-layout=\"box_count\" data-width=\"71\" data-show-faces=\"false\" data-font=\"arial\" data-locale=\"es_ES\"><\/div><\/div>","protected":false},"excerpt":{"rendered":"<p>Quiero invitar a los lectores de mi blog al debate: \u00bfAprovechar\u00e1 Am\u00e9rica Latina el crecimiento econ\u00f3mico?, que mantendr\u00e1n Enrique Iglesias, Secretario General Iberoamericano y Jos\u00e9 Juan Ru\u00edz G\u00f3mez, economista jefe de la Divisi\u00f3n Am\u00e9rica del Grupo Santander, bajo mi moderaci\u00f3n. Se trata del primer debate del Coloquio Transatl\u00e1ntico 2008, un ciclo de 4 di\u00e1logos en [&hellip;]<\/p>\n","protected":false},"author":2,"featured_media":0,"comment_status":"open","ping_status":"open","sticky":false,"template":"","format":"standard","meta":[],"categories":[16],"tags":[],"_links":{"self":[{"href":"https:\/\/spanish.martinvarsavsky.net\/index.php?rest_route=\/wp\/v2\/posts\/1919"}],"collection":[{"href":"https:\/\/spanish.martinvarsavsky.net\/index.php?rest_route=\/wp\/v2\/posts"}],"about":[{"href":"https:\/\/spanish.martinvarsavsky.net\/index.php?rest_route=\/wp\/v2\/types\/post"}],"author":[{"embeddable":true,"href":"https:\/\/spanish.martinvarsavsky.net\/index.php?rest_route=\/wp\/v2\/users\/2"}],"replies":[{"embeddable":true,"href":"https:\/\/spanish.martinvarsavsky.net\/index.php?rest_route=%2Fwp%2Fv2%2Fcomments&post=1919"}],"version-history":[{"count":0,"href":"https:\/\/spanish.martinvarsavsky.net\/index.php?rest_route=\/wp\/v2\/posts\/1919\/revisions"}],"wp:attachment":[{"href":"https:\/\/spanish.martinvarsavsky.net\/index.php?rest_route=%2Fwp%2Fv2%2Fmedia&parent=1919"}],"wp:term":[{"taxonomy":"category","embeddable":true,"href":"https:\/\/spanish.martinvarsavsky.net\/index.php?rest_route=%2Fwp%2Fv2%2Fcategories&post=1919"},{"taxonomy":"post_tag","embeddable":true,"href":"https:\/\/spanish.martinvarsavsky.net\/index.php?rest_route=%2Fwp%2Fv2%2Ftags&post=1919"}],"curies":[{"name":"wp","href":"https:\/\/api.w.org\/{rel}","templated":true}]}}