{"id":1265,"date":"2007-06-13T18:29:06","date_gmt":"2007-06-13T16:29:06","guid":{"rendered":"http:\/\/192.168.1.2\/sp\/2007\/06\/13\/iniciativa-chueca-wifi\/"},"modified":"2007-06-13T18:29:06","modified_gmt":"2007-06-13T16:29:06","slug":"iniciativa-chueca-wifi","status":"publish","type":"post","link":"https:\/\/spanish.martinvarsavsky.net\/?p=1265","title":{"rendered":"Iniciativa Chueca WiFi"},"content":{"rendered":"<p>Chueca WiFi, la iniciativa de <a href=\"http:\/\/www.fon.com\">FON<\/a> y el <a href=\"http:\/\/www.zero-web.com\">Grupo Zero<\/a>s para dar <a href=\"http:\/\/www.chuecawifi.com\">acceso WiFi a Internet en todo el barrio de Chueca<\/a>, se ha presentado hoy a los medios de comunicaci\u00f3n. La rueda de prensa ha sido un \u00e9xito. Hemos asistido gente de FON, de Zero y periodistas de medios digitales, prensa, radio y televisi\u00f3n, como <a href=\"http:\/\/www.elpais.com\/articulo\/espana\/Chueca\/estrenara\/wi-fi\/Dia\/Orgullo\/Gay\/elpeputec\/20070606elpepunac_14\/Tes\">El Pa\u00eds<\/a>, El Mundo, TVE, Cuatro, Onda Cero. Incluyo un video del evento en el que presento FON y unos enlaces con las primeras apariciones en la Web.<\/p>\n<p><center><object width=\"320\" height=\"240\"><param name=\"movie\" value=\"http:\/\/vpod.tv\/martinvars\/227767\/flash\/nVideoPlayer\"><\/param><param name=\"allowfullscreen\" value=\"true\"><\/param><embed src=\"http:\/\/vpod.tv\/martinvars\/227767\/flash\/nVideoPlayer\" type=\"application\/x-shockwave-flash\" width=\"320\" height=\"240\" allowfullscreen=\"true\"><\/embed><\/object><\/center><br \/>\n<!--more--><br \/>\n<a href=\"http:\/\/www.madridiario.es\/2007\/Junio\/distrito\/centro\/25407\/madrileno-barrio-de-chueca--wifi.html\">Madridiario.es<\/a><\/p>\n<p><a href=\"http:\/\/www.20minutos.es\/noticia\/244112\/0\/chueca\/wifi\/orgullo\/\">20Minutos.es<\/a><\/p>\n<p><a href=\"http:\/\/www.idg.es\/pcworld\/index.asp?link=estructura%2Fi_noticia_centroNoticia.asp&#038;seccion=Noticias&#038;IdNoticia=95665706\">PC World Digital<\/a><\/p>\n<p><a href=\"http:\/\/www.siliconnews.es\/es\/silicon\/news\/2007\/06\/12\/chueva-ser-primer-barrio\">Siliconnews.es<\/a><\/p>\n<p><a href=\"http:\/\/esta2.com\/2007\/06\/08\/chueca-wifi\/\">ESTA2.COM<\/a><\/p>\n<p><a href=\"http:\/\/www.agmagazine.com.ar\/index.php?IdNot=1286\">AGMagazine<\/a><\/p>\n<p><a href=\"http:\/\/www.clarin.com\/diario\/2007\/06\/13\/um\/m-01437628.htm\">Clar\u00edn<\/a> de Argentina<\/p>\n<div id=\"mainphotoarea\"><\/div><div class=\"theme-buttons\"><div class=\"fb-like\" data-href=\"https:\/\/spanish.martinvarsavsky.net\/?p=1265\" data-send=\"false\" data-layout=\"box_count\" data-width=\"71\" data-show-faces=\"false\" data-font=\"arial\" data-locale=\"es_ES\"><\/div><\/div>","protected":false},"excerpt":{"rendered":"<p>Chueca WiFi, la iniciativa de FON y el Grupo Zeros para dar acceso WiFi a Internet en todo el barrio de Chueca, se ha presentado hoy a los medios de comunicaci\u00f3n. La rueda de prensa ha sido un \u00e9xito. Hemos asistido gente de FON, de Zero y periodistas de medios digitales, prensa, radio y televisi\u00f3n, [&hellip;]<\/p>\n","protected":false},"author":2,"featured_media":0,"comment_status":"open","ping_status":"closed","sticky":false,"template":"","format":"standard","meta":[],"categories":[6],"tags":[],"_links":{"self":[{"href":"https:\/\/spanish.martinvarsavsky.net\/index.php?rest_route=\/wp\/v2\/posts\/1265"}],"collection":[{"href":"https:\/\/spanish.martinvarsavsky.net\/index.php?rest_route=\/wp\/v2\/posts"}],"about":[{"href":"https:\/\/spanish.martinvarsavsky.net\/index.php?rest_route=\/wp\/v2\/types\/post"}],"author":[{"embeddable":true,"href":"https:\/\/spanish.martinvarsavsky.net\/index.php?rest_route=\/wp\/v2\/users\/2"}],"replies":[{"embeddable":true,"href":"https:\/\/spanish.martinvarsavsky.net\/index.php?rest_route=%2Fwp%2Fv2%2Fcomments&post=1265"}],"version-history":[{"count":0,"href":"https:\/\/spanish.martinvarsavsky.net\/index.php?rest_route=\/wp\/v2\/posts\/1265\/revisions"}],"wp:attachment":[{"href":"https:\/\/spanish.martinvarsavsky.net\/index.php?rest_route=%2Fwp%2Fv2%2Fmedia&parent=1265"}],"wp:term":[{"taxonomy":"category","embeddable":true,"href":"https:\/\/spanish.martinvarsavsky.net\/index.php?rest_route=%2Fwp%2Fv2%2Fcategories&post=1265"},{"taxonomy":"post_tag","embeddable":true,"href":"https:\/\/spanish.martinvarsavsky.net\/index.php?rest_route=%2Fwp%2Fv2%2Ftags&post=1265"}],"curies":[{"name":"wp","href":"https:\/\/api.w.org\/{rel}","templated":true}]}}