{"id":1120,"date":"2007-04-21T15:35:58","date_gmt":"2007-04-21T13:35:58","guid":{"rendered":"http:\/\/192.168.1.2\/sp\/2007\/04\/21\/los-franceses-son-patriotas-los-espaaoles-hacen-patria\/"},"modified":"2007-04-21T15:35:58","modified_gmt":"2007-04-21T13:35:58","slug":"los-franceses-son-patriotas-los-espaaoles-hacen-patria","status":"publish","type":"post","link":"https:\/\/spanish.martinvarsavsky.net\/?p=1120","title":{"rendered":"Los Franceses son Patriotas, los Espa\u00f1oles hacen Patria"},"content":{"rendered":"<p><center><script src=\"http:\/\/studio.vpod.tv\/martinvars\/177172\/include\/videoPlayer\">\n<\/script><\/center><\/p>\n<p>En este video filmado mientras camino por el Marais, el barrio donde est\u00e1 nuestro piso en Par\u00eds, comento mi explicaci\u00f3n de por qu\u00e9 a Espa\u00f1a le ha ido mejor que a Francia en los \u00faltimos 10 a\u00f1os.<br \/>\n<!--more--><br \/>\nHay muchas razones para el \u00e9xito de Espa\u00f1a, pero una la encuentro parad\u00f3jicamente en la pol\u00edtica.  En Espa\u00f1a hay mucho m\u00e1s consenso que en Francia sobre el tipo de r\u00e9gimen de pol\u00edtica econ\u00f3mica que el pa\u00eds quiere y las diferencias principales del pa\u00eds giran en torno a los nacionalismos, que es un tema que poco afecta a la productividad del pa\u00eds.  En Francia, en cambio, todos se sienten muy franceses, muy patriotas, pero, curiosamente, tienen mucho menos consenso sobre el r\u00e9gimen que esa tan querida patria tiene que tener. <\/p>\n<p>El resultado es una diversidad pol\u00edtica enorme y frecuentes tensiones que se manifiestan en temas como los levantamientos de los suburbios de Par\u00eds, las huelgas y la falta de reformas necesarias para competir.<\/p>\n<div id=\"mainphotoarea\"><\/div><div class=\"theme-buttons\"><div class=\"fb-like\" data-href=\"https:\/\/spanish.martinvarsavsky.net\/?p=1120\" data-send=\"false\" data-layout=\"box_count\" data-width=\"71\" data-show-faces=\"false\" data-font=\"arial\" data-locale=\"es_ES\"><\/div><\/div>","protected":false},"excerpt":{"rendered":"<p>En este video filmado mientras camino por el Marais, el barrio donde est\u00e1 nuestro piso en Par\u00eds, comento mi explicaci\u00f3n de por qu\u00e9 a Espa\u00f1a le ha ido mejor que a Francia en los \u00faltimos 10 a\u00f1os.<\/p>\n","protected":false},"author":2,"featured_media":0,"comment_status":"open","ping_status":"closed","sticky":false,"template":"","format":"standard","meta":[],"categories":[8],"tags":[],"_links":{"self":[{"href":"https:\/\/spanish.martinvarsavsky.net\/index.php?rest_route=\/wp\/v2\/posts\/1120"}],"collection":[{"href":"https:\/\/spanish.martinvarsavsky.net\/index.php?rest_route=\/wp\/v2\/posts"}],"about":[{"href":"https:\/\/spanish.martinvarsavsky.net\/index.php?rest_route=\/wp\/v2\/types\/post"}],"author":[{"embeddable":true,"href":"https:\/\/spanish.martinvarsavsky.net\/index.php?rest_route=\/wp\/v2\/users\/2"}],"replies":[{"embeddable":true,"href":"https:\/\/spanish.martinvarsavsky.net\/index.php?rest_route=%2Fwp%2Fv2%2Fcomments&post=1120"}],"version-history":[{"count":0,"href":"https:\/\/spanish.martinvarsavsky.net\/index.php?rest_route=\/wp\/v2\/posts\/1120\/revisions"}],"wp:attachment":[{"href":"https:\/\/spanish.martinvarsavsky.net\/index.php?rest_route=%2Fwp%2Fv2%2Fmedia&parent=1120"}],"wp:term":[{"taxonomy":"category","embeddable":true,"href":"https:\/\/spanish.martinvarsavsky.net\/index.php?rest_route=%2Fwp%2Fv2%2Fcategories&post=1120"},{"taxonomy":"post_tag","embeddable":true,"href":"https:\/\/spanish.martinvarsavsky.net\/index.php?rest_route=%2Fwp%2Fv2%2Ftags&post=1120"}],"curies":[{"name":"wp","href":"https:\/\/api.w.org\/{rel}","templated":true}]}}