{"id":1049,"date":"2007-03-22T09:11:46","date_gmt":"2007-03-22T07:11:46","guid":{"rendered":"http:\/\/192.168.1.2\/sp\/2007\/03\/22\/educar-lanza-encuentro-el-canal-de-tv-educativo-argentino\/"},"modified":"2007-03-22T09:11:46","modified_gmt":"2007-03-22T07:11:46","slug":"educar-lanza-encuentro-el-canal-de-tv-educativo-argentino","status":"publish","type":"post","link":"https:\/\/spanish.martinvarsavsky.net\/?p=1049","title":{"rendered":"Educ.ar lanza Encuentro, el Canal de TV Educativo Argentino"},"content":{"rendered":"<p>Al fundar <a href=\"http:\/\/www.Educ.ar\">Educ.ar<\/a>, en el a\u00f1o 2000, pensaba puramente en Internet. Cuando Alejandro Piscitelli que dirige Educ.ar me dijo en el 2005 que Daniel Filmus, Ministro de Educaci\u00f3n y ahora candidato a Intendente (alcalde) de Buenos Aires, quer\u00eda que Educ.ar tuviera un canal de televisi\u00f3n me pareci\u00f3 un proyecto del pasado. Pero ahora que veo <a href=\"http:\/\/www.Encuentro.gov.ar\">Encuentro<\/a> tal como est\u00e1 presentado en la red me doy cuenta que ten\u00edan raz\u00f3n. Primero, porque en Argentina todos tienen acceso a la televisi\u00f3n y solo un cuarto de la poblaci\u00f3n a Internet. Segundo, porque me gust\u00f3 mucho la propuesta y el dise\u00f1o de Encuentro que llev\u00f3 dos a\u00f1os en preparaci\u00f3n  \u00a1Felicitaciones a todo el equipo!<\/p>\n<div id=\"mainphotoarea\"><\/div><div class=\"theme-buttons\"><div class=\"fb-like\" data-href=\"https:\/\/spanish.martinvarsavsky.net\/?p=1049\" data-send=\"false\" data-layout=\"box_count\" data-width=\"71\" data-show-faces=\"false\" data-font=\"arial\" data-locale=\"es_ES\"><\/div><\/div>","protected":false},"excerpt":{"rendered":"<p>Al fundar Educ.ar, en el a\u00f1o 2000, pensaba puramente en Internet. Cuando Alejandro Piscitelli que dirige Educ.ar me dijo en el 2005 que Daniel Filmus, Ministro de Educaci\u00f3n y ahora candidato a Intendente (alcalde) de Buenos Aires, quer\u00eda que Educ.ar tuviera un canal de televisi\u00f3n me pareci\u00f3 un proyecto del pasado. Pero ahora que veo [&hellip;]<\/p>\n","protected":false},"author":2,"featured_media":0,"comment_status":"open","ping_status":"closed","sticky":false,"template":"","format":"standard","meta":[],"categories":[4],"tags":[],"_links":{"self":[{"href":"https:\/\/spanish.martinvarsavsky.net\/index.php?rest_route=\/wp\/v2\/posts\/1049"}],"collection":[{"href":"https:\/\/spanish.martinvarsavsky.net\/index.php?rest_route=\/wp\/v2\/posts"}],"about":[{"href":"https:\/\/spanish.martinvarsavsky.net\/index.php?rest_route=\/wp\/v2\/types\/post"}],"author":[{"embeddable":true,"href":"https:\/\/spanish.martinvarsavsky.net\/index.php?rest_route=\/wp\/v2\/users\/2"}],"replies":[{"embeddable":true,"href":"https:\/\/spanish.martinvarsavsky.net\/index.php?rest_route=%2Fwp%2Fv2%2Fcomments&post=1049"}],"version-history":[{"count":0,"href":"https:\/\/spanish.martinvarsavsky.net\/index.php?rest_route=\/wp\/v2\/posts\/1049\/revisions"}],"wp:attachment":[{"href":"https:\/\/spanish.martinvarsavsky.net\/index.php?rest_route=%2Fwp%2Fv2%2Fmedia&parent=1049"}],"wp:term":[{"taxonomy":"category","embeddable":true,"href":"https:\/\/spanish.martinvarsavsky.net\/index.php?rest_route=%2Fwp%2Fv2%2Fcategories&post=1049"},{"taxonomy":"post_tag","embeddable":true,"href":"https:\/\/spanish.martinvarsavsky.net\/index.php?rest_route=%2Fwp%2Fv2%2Ftags&post=1049"}],"curies":[{"name":"wp","href":"https:\/\/api.w.org\/{rel}","templated":true}]}}